{"id":20282,"date":"2026-09-05T09:00:00","date_gmt":"2026-09-05T07:00:00","guid":{"rendered":"https:\/\/www.noclegowo.pl\/przewodnik\/?p=20282"},"modified":"2026-09-05T09:00:00","modified_gmt":"2026-09-05T07:00:00","slug":"kamil-bednarek-osiemnastka-wroclaw-2026-bilety-noclegi","status":"publish","type":"post","link":"https:\/\/www.noclegowo.pl\/przewodnik\/kamil-bednarek-osiemnastka-wroclaw-2026-bilety-noclegi\/","title":{"rendered":"Kamil Bednarek \u2013 Osiemnastka! we Wroc\u0142awiu 2026 \u2013 bilety i noclegi"},"content":{"rendered":"\n<article style=\"font-family: Georgia, serif; max-width: 780px; margin: 0 auto; color: #1a1a2e; line-height: 1.8;\">\n\n  <img decoding=\"async\" src=\"https:\/\/www.kupbilecik.pl\/img\/gal_plakaty\/kb7qr466oc23zo78.webp?t=1777369948\" alt=\"Kamil Bednarek \u2013 Osiemnastka! Wroc\u0142aw\" style=\"width:100%; border-radius:8px; margin-bottom:32px; display:block;\" \/>\n\n  <p style=\"font-size:1.05rem; font-style:italic; color:#555; border-left:4px solid #c0392b; padding-left:16px; margin-bottom:32px;\">\n    25 wrze\u015bnia 2026 \u00b7 Wroc\u0142aw \u00b7 koncert muzyczny \u2013 18-lecie kariery\n  <\/p>\n\n  <p>Wroc\u0142aw jesieni\u0105 to zawsze dobry pomys\u0142 \u2013 kolorowe kamienice Rynku, knajpki nad Odr\u0105 i klimat, kt\u00f3ry nie pozwala si\u0119 nudzi\u0107. A 25 wrze\u015bnia b\u0119dzie ku temu jeszcze jeden pow\u00f3d: Kamil Bednarek zagra w Narodowym Forum Muzyki koncert z okazji osiemnastych urodzin swojej artystycznej kariery. Je\u015bli lubicie reggae z polsk\u0105 dusz\u0105, warto zarezerwowa\u0107 sobie ten pi\u0105tkowy wiecz\u00f3r \u2013 i nocleg w mie\u015bcie, \u017ceby nie musie\u0107 wraca\u0107 tego samego dnia.<\/p>\n\n<!-- MORE -->\n\n  <div id=\"ez-toc-container\" class=\"ez-toc-v2_0_83 counter-hierarchy ez-toc-counter ez-toc-grey ez-toc-container-direction\">\n<p class=\"ez-toc-title\" style=\"cursor:inherit\">Spis tre\u015bci<\/p>\n<label for=\"ez-toc-cssicon-toggle-item-6a9bd593f3044\" class=\"ez-toc-cssicon-toggle-label\"><span class=\"\"><span class=\"eztoc-hide\" style=\"display:none;\">Toggle<\/span><span class=\"ez-toc-icon-toggle-span\"><svg style=\"fill: #999;color:#999\" xmlns=\"http:\/\/www.w3.org\/2000\/svg\" class=\"list-377408\" width=\"20px\" height=\"20px\" viewBox=\"0 0 24 24\" fill=\"none\"><path d=\"M6 6H4v2h2V6zm14 0H8v2h12V6zM4 11h2v2H4v-2zm16 0H8v2h12v-2zM4 16h2v2H4v-2zm16 0H8v2h12v-2z\" fill=\"currentColor\"><\/path><\/svg><svg style=\"fill: #999;color:#999\" class=\"arrow-unsorted-368013\" xmlns=\"http:\/\/www.w3.org\/2000\/svg\" width=\"10px\" height=\"10px\" viewBox=\"0 0 24 24\" version=\"1.2\" baseProfile=\"tiny\"><path d=\"M18.2 9.3l-6.2-6.3-6.2 6.3c-.2.2-.3.4-.3.7s.1.5.3.7c.2.2.4.3.7.3h11c.3 0 .5-.1.7-.3.2-.2.3-.5.3-.7s-.1-.5-.3-.7zM5.8 14.7l6.2 6.3 6.2-6.3c.2-.2.3-.5.3-.7s-.1-.5-.3-.7c-.2-.2-.4-.3-.7-.3h-11c-.3 0-.5.1-.7.3-.2.2-.3.5-.3.7s.1.5.3.7z\"\/><\/svg><\/span><\/span><\/label><input type=\"checkbox\"  id=\"ez-toc-cssicon-toggle-item-6a9bd593f3044\"  aria-label=\"Prze\u0142\u0105cznik\" \/><nav><ul class='ez-toc-list ez-toc-list-level-1 ' ><li class='ez-toc-page-1 ez-toc-heading-level-2'><a class=\"ez-toc-link ez-toc-heading-1\" href=\"https:\/\/www.noclegowo.pl\/przewodnik\/kamil-bednarek-osiemnastka-wroclaw-2026-bilety-noclegi\/#O_wydarzeniu\" >O wydarzeniu<\/a><ul class='ez-toc-list-level-3' ><li class='ez-toc-heading-level-3'><a class=\"ez-toc-link ez-toc-heading-2\" href=\"https:\/\/www.noclegowo.pl\/przewodnik\/kamil-bednarek-osiemnastka-wroclaw-2026-bilety-noclegi\/#Kim_jest_Kamil_Bednarek\" >Kim jest Kamil Bednarek?<\/a><\/li><li class='ez-toc-page-1 ez-toc-heading-level-3'><a class=\"ez-toc-link ez-toc-heading-3\" href=\"https:\/\/www.noclegowo.pl\/przewodnik\/kamil-bednarek-osiemnastka-wroclaw-2026-bilety-noclegi\/#Czego_sie_spodziewac_na_koncercie\" >Czego si\u0119 spodziewa\u0107 na koncercie?<\/a><\/li><\/ul><\/li><li class='ez-toc-page-1 ez-toc-heading-level-2'><a class=\"ez-toc-link ez-toc-heading-4\" href=\"https:\/\/www.noclegowo.pl\/przewodnik\/kamil-bednarek-osiemnastka-wroclaw-2026-bilety-noclegi\/#Gdzie_sie_zatrzymac_Noclegi_blisko_Narodowego_Forum_Muzyki\" >Gdzie si\u0119 zatrzyma\u0107? Noclegi blisko Narodowego Forum Muzyki<\/a><\/li><li class='ez-toc-page-1 ez-toc-heading-level-2'><a class=\"ez-toc-link ez-toc-heading-5\" href=\"https:\/\/www.noclegowo.pl\/przewodnik\/kamil-bednarek-osiemnastka-wroclaw-2026-bilety-noclegi\/#Jak_dojechac\" >Jak dojecha\u0107?<\/a><\/li><\/ul><\/nav><\/div>\n<h2><span class=\"ez-toc-section\" id=\"O_wydarzeniu\"><\/span>O wydarzeniu<span class=\"ez-toc-section-end\"><\/span><\/h2>\n\n  <p>\u201eOsiemnastka\u201d to nie zwyk\u0142y koncert, tylko podsumowanie osiemnastu lat na scenie \u2013 od pierwszych krok\u00f3w w klubach po du\u017ce sale koncertowe w ca\u0142ej Polsce. Kamil Bednarek zapowiada, \u017ce zabierze publiczno\u015b\u0107 w podr\u00f3\u017c przez ca\u0142\u0105 swoj\u0105 dotychczasow\u0105 dyskografi\u0119, ale nie zabraknie te\u017c nowych brzmie\u0144, kt\u00f3re dopiero szykuje na kolejne lata. To b\u0119dzie wi\u0119c co\u015b w rodzaju wielkiego, wsp\u00f3lnego \u015bwi\u0119towania \u2013 artysty z fanami, kt\u00f3rzy \u015bledz\u0105 go od samych pocz\u0105tk\u00f3w.<\/p>\n\n  <p>Koncert odb\u0119dzie si\u0119 w Narodowym Forum Muzyki \u2013 jednej z najlepiej brzmi\u0105cych i najbardziej rozpoznawalnych sal koncertowych w Polsce, po\u0142o\u017conej w samym sercu Wroc\u0142awia, tu\u017c przy placu Wolno\u015bci. To miejsce, kt\u00f3re samo w sobie jest atrakcj\u0105: nowoczesna architektura, \u015bwietna akustyka i lokalizacja, z kt\u00f3rej do Rynku dojdziemy spacerem w kilkana\u015bcie minut. Dla os\u00f3b przyjezdnych to spory plus \u2013 po koncercie \u0142atwo przej\u015b\u0107 na kolacj\u0119 czy drinka w Rynku, zamiast od razu wsiada\u0107 w poci\u0105g powrotny.<\/p>\n\n  <h3><span class=\"ez-toc-section\" id=\"Kim_jest_Kamil_Bednarek\"><\/span>Kim jest Kamil Bednarek?<span class=\"ez-toc-section-end\"><\/span><\/h3>\n  <p>Karier\u0119 zaczyna\u0142 w 2008 roku w zespole Star Guard Muffin, z kt\u00f3rym nagra\u0142 mi\u0119dzy innymi materia\u0142 w legendarnym jamajskim studiu Tuff Gong, u boku takich muzyk\u00f3w jak Capleton czy Dean Fraser. P\u00f3\u017aniej, ju\u017c jako lider formacji BEDNAREK, wyda\u0142 wielokrotnie platynowy album \u201eJestem\u2026\u201d, zdoby\u0142 MTV Music Award dla najlepszego wykonawcy w Europie \u015arodkowej, a kolejne p\u0142yty \u2013 \u201eOddycham\u201d, \u201eTalizman\u201d czy \u201eInaczej\u201d \u2013 regularnie trafia\u0142y na szczyty list sprzeda\u017cy. Od lat pozostaje jednym z najbardziej rozpoznawalnych polskich artyst\u00f3w reggae i popu, kt\u00f3ry potrafi wype\u0142ni\u0107 najwi\u0119ksze sale koncertowe w kraju.<\/p>\n\n  <h3><span class=\"ez-toc-section\" id=\"Czego_sie_spodziewac_na_koncercie\"><\/span>Czego si\u0119 spodziewa\u0107 na koncercie?<span class=\"ez-toc-section-end\"><\/span><\/h3>\n  <p>Organizatorzy zapowiadaj\u0105 setlist\u0119 z\u0142o\u017con\u0105 z najwi\u0119kszych hit\u00f3w \u2013 tych, kt\u00f3re od lat \u015bpiewa ca\u0142a Polska \u2013 ale te\u017c z nowych utwor\u00f3w, kt\u00f3re artysta dopiero zamierza zaprezentowa\u0107 szerszej publiczno\u015bci. Charakterystyczna dla Bednarka mieszanka reggae, popu i osobistych, szczerych tekst\u00f3w sprawdza si\u0119 \u015bwietnie na \u017cywo, a osiemnaste urodziny kariery to okazja, by us\u0142ysze\u0107 to wszystko w jednym, starannie wyre\u017cyserowanym show.<\/p>\n\n  <p style=\"margin:32px 0;\">\n    <a href=\"https:\/\/www.kupbilecik.pl\/imprezy\/203678\/Wroc%C5%82aw\/Kamil+Bednarek\/?utm_source=pp&#038;utm_medium=346\" target=\"_blank\" rel=\"noopener\" style=\"background:#c0392b; color:#fff; padding:14px 32px; border-radius:4px; text-decoration:none; font-weight:bold; font-family:sans-serif; font-size:1rem;\">\n      \ud83c\udf9f Kup bilety \u2192 kupbilecik.pl\n    <\/a>\n  <\/p>\n\n  <h2><span class=\"ez-toc-section\" id=\"Gdzie_sie_zatrzymac_Noclegi_blisko_Narodowego_Forum_Muzyki\"><\/span>Gdzie si\u0119 zatrzyma\u0107? Noclegi blisko Narodowego Forum Muzyki<span class=\"ez-toc-section-end\"><\/span><\/h2>\n  <p>Wroc\u0142aw to miasto, w kt\u00f3rym o dobry nocleg nie jest trudno, ale w pi\u0105tkowy wiecz\u00f3r z du\u017cym koncertem w mie\u015bcie warto zarezerwowa\u0107 pok\u00f3j z wyprzedzeniem. Poni\u017cej znajdziesz noclegi najbli\u017cej Narodowego Forum Muzyki z serwisu noclegowo.pl \u2013 od kameralnego hostelu w centrum, przez wygodn\u0105 kawalerk\u0119, po spokojniejsz\u0105 will\u0119 tu\u017c za miastem.<\/p>\n\n  <table style=\"width:100%; border-collapse:collapse; margin-top:24px; font-family:sans-serif; font-size:0.92rem;\">\n    <thead>\n      <tr style=\"background:#1a1a2e; color:#fff;\">\n        <th style=\"padding:10px 14px; text-align:left;\">Obiekt<\/th>\n        <th style=\"padding:10px 14px; text-align:left;\">Typ<\/th>\n        <th style=\"padding:10px 14px; text-align:center;\">Ocena<\/th>\n        <th style=\"padding:10px 14px; text-align:left;\">Cena od<\/th>\n        <th style=\"padding:10px 14px; text-align:left;\">Odleg\u0142o\u015b\u0107<\/th>\n      <\/tr>\n    <\/thead>\n    <tbody>\n      <tr style=\"background:#f9f9fb;\">\n        <td style=\"padding:10px 14px;\"><a href=\"https:\/\/www.noclegowo.pl\/wroclaw\/50612\" target=\"_blank\" rel=\"noopener\">Hostel \u015awidnicka 24<\/a><\/td>\n        <td style=\"padding:10px 14px;\">hostel<\/td>\n        <td style=\"padding:10px 14px; text-align:center;\">4,5 \u2b50 (8)<\/td>\n        <td style=\"padding:10px 14px;\">od 50 z\u0142<\/td>\n        <td style=\"padding:10px 14px;\">ok. 0,3 km<\/td>\n      <\/tr>\n      <tr style=\"background:#fff;\">\n        <td style=\"padding:10px 14px;\"><a href=\"https:\/\/www.noclegowo.pl\/wroclaw\/24184\" target=\"_blank\" rel=\"noopener\">Kawalerka na ul. T\u0119czowej dla 2 os\u00f3b<\/a><\/td>\n        <td style=\"padding:10px 14px;\">apartament<\/td>\n        <td style=\"padding:10px 14px; text-align:center;\">4,4 \u2b50 (5)<\/td>\n        <td style=\"padding:10px 14px;\">od 40 z\u0142<\/td>\n        <td style=\"padding:10px 14px;\">ok. 1,0 km<\/td>\n      <\/tr>\n      <tr style=\"background:#f9f9fb;\">\n        <td style=\"padding:10px 14px;\"><a href=\"https:\/\/www.noclegowo.pl\/psary\/13148\" target=\"_blank\" rel=\"noopener\">BREEZE Guest House (Psary)<\/a><\/td>\n        <td style=\"padding:10px 14px;\">willa<\/td>\n        <td style=\"padding:10px 14px; text-align:center;\">4,4 \u2b50 (1)<\/td>\n        <td style=\"padding:10px 14px;\">od 55 z\u0142<\/td>\n        <td style=\"padding:10px 14px;\">ok. 8,7 km<\/td>\n      <\/tr>\n    <\/tbody>\n  <\/table>\n\n  <p style=\"margin-top:12px; font-size:0.85rem; color:#888; font-family:sans-serif;\">\n    Wi\u0119cej nocleg\u00f3w: <a href=\"https:\/\/www.noclegowo.pl\/noclegi\/wroclaw\" target=\"_blank\" rel=\"noopener\">noclegowo.pl\/noclegi\/wroclaw<\/a>\n  <\/p>\n\n  <h2><span class=\"ez-toc-section\" id=\"Jak_dojechac\"><\/span>Jak dojecha\u0107?<span class=\"ez-toc-section-end\"><\/span><\/h2>\n  <p>Wroc\u0142aw ma bardzo dobre po\u0142\u0105czenia z ca\u0142\u0105 Polsk\u0105, wi\u0119c dojazd na koncert nie powinien by\u0107 problemem niezale\u017cnie od tego, sk\u0105d startujecie. Najwygodniej dotrze\u0107 kolej\u0105 \u2013 dworzec Wroc\u0142aw G\u0142\u00f3wny le\u017cy w centrum miasta, a stamt\u0105d do Narodowego Forum Muzyki przy placu Wolno\u015bci mo\u017cna doj\u015b\u0107 pieszo w oko\u0142o 15\u201320 minut albo dojecha\u0107 tramwajem czy autobusem w kilka minut. Osoby podr\u00f3\u017cuj\u0105ce samochodem znajd\u0105 w pobli\u017cu kilka parking\u00f3w miejskich i podziemnych \u2013 w pi\u0105tkowy wiecz\u00f3r z koncertem w mie\u015bcie warto jednak zaplanowa\u0107 dojazd z pewnym zapasem czasu. Dla przyjezdnych z dalszych zak\u0105tk\u00f3w kraju dost\u0119pny jest te\u017c Port Lotniczy Wroc\u0142aw, sk\u0105d do centrum miasta jest zaledwie kilkana\u015bcie minut jazdy taks\u00f3wk\u0105 lub autobusem miejskim.<\/p>\n\n  <hr style=\"margin:48px 0; border:none; border-top:1px solid #e0e0e0;\" \/>\n  <p style=\"font-size:0.85rem; color:#999; font-family:sans-serif; line-height:1.6;\">\n    \ud83d\udcc5 Kamil Bednarek \u2013 Osiemnastka! \u00b7 25 wrze\u015bnia 2026 \u00b7 Wroc\u0142aw<br>\n    \ud83c\udf9f Bilety: <a href=\"https:\/\/www.kupbilecik.pl\/imprezy\/203678\/Wroc%C5%82aw\/Kamil+Bednarek\/?utm_source=pp&#038;utm_medium=346\" target=\"_blank\" rel=\"noopener\">kupbilecik.pl<\/a> &nbsp;\u00b7&nbsp;\n    \ud83c\udfe0 Noclegi: <a href=\"https:\/\/www.noclegowo.pl\/noclegi\/wroclaw\" target=\"_blank\" rel=\"noopener\">noclegowo.pl<\/a>\n  <\/p>\n\n<\/article>\n\n","protected":false},"excerpt":{"rendered":"<p>Kamil Bednarek \u015bwi\u0119tuje 18 lat kariery koncertem w Narodowym Forum Muzyki we Wroc\u0142awiu, 25 wrze\u015bnia 2026 \u2013 zobacz bilety i noclegi blisko sali koncertowej.<\/p>\n","protected":false},"author":35,"featured_media":0,"comment_status":"open","ping_status":"","sticky":false,"template":"","format":"standard","meta":[],"categories":[8],"tags":[],"yoast_head":"<!-- This site is optimized with the Yoast SEO plugin v17.8 - https:\/\/yoast.com\/wordpress\/plugins\/seo\/ -->\n<title>Kamil Bednarek \u2013 Osiemnastka! we Wroc\u0142awiu 2026 \u2013 bilety i noclegi - Blog Noclegowo\u00ae<\/title>\n<meta name=\"robots\" content=\"index, follow, max-snippet:-1, max-image-preview:large, max-video-preview:-1\" \/>\n<link rel=\"canonical\" href=\"https:\/\/www.noclegowo.pl\/przewodnik\/kamil-bednarek-osiemnastka-wroclaw-2026-bilety-noclegi\/\" \/>\n<meta property=\"og:locale\" content=\"pl_PL\" \/>\n<meta property=\"og:type\" content=\"article\" \/>\n<meta property=\"og:title\" content=\"Kamil Bednarek \u2013 Osiemnastka! we Wroc\u0142awiu 2026 \u2013 bilety i noclegi - Blog Noclegowo\u00ae\" \/>\n<meta property=\"og:description\" content=\"Kamil Bednarek \u015bwi\u0119tuje 18 lat kariery koncertem w Narodowym Forum Muzyki we Wroc\u0142awiu, 25 wrze\u015bnia 2026 \u2013 zobacz bilety i noclegi blisko sali koncertowej.\" \/>\n<meta property=\"og:url\" content=\"https:\/\/www.noclegowo.pl\/przewodnik\/kamil-bednarek-osiemnastka-wroclaw-2026-bilety-noclegi\/\" \/>\n<meta property=\"og:site_name\" content=\"Blog Noclegowo\u00ae\" \/>\n<meta property=\"article:publisher\" content=\"https:\/\/www.facebook.com\/Noclegowo\/\" \/>\n<meta property=\"article:published_time\" content=\"2026-09-05T07:00:00+00:00\" \/>\n<meta property=\"og:image\" content=\"https:\/\/www.kupbilecik.pl\/img\/gal_plakaty\/kb7qr466oc23zo78.webp?t=1777369948\" \/>\n<meta name=\"twitter:card\" content=\"summary_large_image\" \/>\n<meta name=\"twitter:label1\" content=\"Napisane przez\" \/>\n\t<meta name=\"twitter:data1\" content=\"Noclegowo\" \/>\n\t<meta name=\"twitter:label2\" content=\"Szacowany czas czytania\" \/>\n\t<meta name=\"twitter:data2\" content=\"3 minuty\" \/>\n<script type=\"application\/ld+json\" class=\"yoast-schema-graph\">{\"@context\":\"https:\/\/schema.org\",\"@graph\":[{\"@type\":\"Organization\",\"@id\":\"https:\/\/www.noclegowo.pl\/przewodnik\/#organization\",\"name\":\"Noclegowo\",\"url\":\"https:\/\/www.noclegowo.pl\/przewodnik\/\",\"sameAs\":[\"https:\/\/www.facebook.com\/Noclegowo\/\"],\"logo\":{\"@type\":\"ImageObject\",\"@id\":\"https:\/\/www.noclegowo.pl\/przewodnik\/#logo\",\"inLanguage\":\"pl-PL\",\"url\":\"https:\/\/www.noclegowo.pl\/przewodnik\/wp-content\/uploads\/2018\/05\/LOGO-GREEN.jpg\",\"contentUrl\":\"https:\/\/www.noclegowo.pl\/przewodnik\/wp-content\/uploads\/2018\/05\/LOGO-GREEN.jpg\",\"width\":1028,\"height\":320,\"caption\":\"Noclegowo\"},\"image\":{\"@id\":\"https:\/\/www.noclegowo.pl\/przewodnik\/#logo\"}},{\"@type\":\"WebSite\",\"@id\":\"https:\/\/www.noclegowo.pl\/przewodnik\/#website\",\"url\":\"https:\/\/www.noclegowo.pl\/przewodnik\/\",\"name\":\"Blog Noclegowo\\u00ae\",\"description\":\"Przewodniki turystyczne, porady dla wynajmuj\\u0105cych\",\"publisher\":{\"@id\":\"https:\/\/www.noclegowo.pl\/przewodnik\/#organization\"},\"potentialAction\":[{\"@type\":\"SearchAction\",\"target\":{\"@type\":\"EntryPoint\",\"urlTemplate\":\"https:\/\/www.noclegowo.pl\/przewodnik\/?s={search_term_string}\"},\"query-input\":\"required name=search_term_string\"}],\"inLanguage\":\"pl-PL\"},{\"@type\":\"ImageObject\",\"@id\":\"https:\/\/www.noclegowo.pl\/przewodnik\/kamil-bednarek-osiemnastka-wroclaw-2026-bilety-noclegi\/#primaryimage\",\"inLanguage\":\"pl-PL\",\"url\":\"https:\/\/www.kupbilecik.pl\/img\/gal_plakaty\/kb7qr466oc23zo78.webp?t=1777369948\",\"contentUrl\":\"https:\/\/www.kupbilecik.pl\/img\/gal_plakaty\/kb7qr466oc23zo78.webp?t=1777369948\"},{\"@type\":\"WebPage\",\"@id\":\"https:\/\/www.noclegowo.pl\/przewodnik\/kamil-bednarek-osiemnastka-wroclaw-2026-bilety-noclegi\/#webpage\",\"url\":\"https:\/\/www.noclegowo.pl\/przewodnik\/kamil-bednarek-osiemnastka-wroclaw-2026-bilety-noclegi\/\",\"name\":\"Kamil Bednarek \\u2013 Osiemnastka! we Wroc\\u0142awiu 2026 \\u2013 bilety i noclegi - Blog Noclegowo\\u00ae\",\"isPartOf\":{\"@id\":\"https:\/\/www.noclegowo.pl\/przewodnik\/#website\"},\"primaryImageOfPage\":{\"@id\":\"https:\/\/www.noclegowo.pl\/przewodnik\/kamil-bednarek-osiemnastka-wroclaw-2026-bilety-noclegi\/#primaryimage\"},\"datePublished\":\"2026-09-05T07:00:00+00:00\",\"dateModified\":\"2026-09-05T07:00:00+00:00\",\"breadcrumb\":{\"@id\":\"https:\/\/www.noclegowo.pl\/przewodnik\/kamil-bednarek-osiemnastka-wroclaw-2026-bilety-noclegi\/#breadcrumb\"},\"inLanguage\":\"pl-PL\",\"potentialAction\":[{\"@type\":\"ReadAction\",\"target\":[\"https:\/\/www.noclegowo.pl\/przewodnik\/kamil-bednarek-osiemnastka-wroclaw-2026-bilety-noclegi\/\"]}]},{\"@type\":\"BreadcrumbList\",\"@id\":\"https:\/\/www.noclegowo.pl\/przewodnik\/kamil-bednarek-osiemnastka-wroclaw-2026-bilety-noclegi\/#breadcrumb\",\"itemListElement\":[{\"@type\":\"ListItem\",\"position\":1,\"name\":\"Home\",\"item\":\"https:\/\/www.noclegowo.pl\/przewodnik\/\"},{\"@type\":\"ListItem\",\"position\":2,\"name\":\"Kamil Bednarek \\u2013 Osiemnastka! we Wroc\\u0142awiu 2026 \\u2013 bilety i noclegi\"}]},{\"@type\":\"Article\",\"@id\":\"https:\/\/www.noclegowo.pl\/przewodnik\/kamil-bednarek-osiemnastka-wroclaw-2026-bilety-noclegi\/#article\",\"isPartOf\":{\"@id\":\"https:\/\/www.noclegowo.pl\/przewodnik\/kamil-bednarek-osiemnastka-wroclaw-2026-bilety-noclegi\/#webpage\"},\"author\":{\"@id\":\"https:\/\/www.noclegowo.pl\/przewodnik\/#\/schema\/person\/5a6210af7bea70a33b925e3bd1ce4286\"},\"headline\":\"Kamil Bednarek \\u2013 Osiemnastka! we Wroc\\u0142awiu 2026 \\u2013 bilety i noclegi\",\"datePublished\":\"2026-09-05T07:00:00+00:00\",\"dateModified\":\"2026-09-05T07:00:00+00:00\",\"mainEntityOfPage\":{\"@id\":\"https:\/\/www.noclegowo.pl\/przewodnik\/kamil-bednarek-osiemnastka-wroclaw-2026-bilety-noclegi\/#webpage\"},\"wordCount\":690,\"commentCount\":0,\"publisher\":{\"@id\":\"https:\/\/www.noclegowo.pl\/przewodnik\/#organization\"},\"image\":{\"@id\":\"https:\/\/www.noclegowo.pl\/przewodnik\/kamil-bednarek-osiemnastka-wroclaw-2026-bilety-noclegi\/#primaryimage\"},\"thumbnailUrl\":\"https:\/\/www.kupbilecik.pl\/img\/gal_plakaty\/kb7qr466oc23zo78.webp?t=1777369948\",\"articleSection\":[\"Wydarzenia\"],\"inLanguage\":\"pl-PL\",\"potentialAction\":[{\"@type\":\"CommentAction\",\"name\":\"Comment\",\"target\":[\"https:\/\/www.noclegowo.pl\/przewodnik\/kamil-bednarek-osiemnastka-wroclaw-2026-bilety-noclegi\/#respond\"]}]},{\"@type\":\"Person\",\"@id\":\"https:\/\/www.noclegowo.pl\/przewodnik\/#\/schema\/person\/5a6210af7bea70a33b925e3bd1ce4286\",\"name\":\"Noclegowo\",\"url\":\"https:\/\/www.noclegowo.pl\/przewodnik\/author\/noclegowo\/\"}]}<\/script>\n<!-- \/ Yoast SEO plugin. -->","yoast_head_json":{"title":"Kamil Bednarek \u2013 Osiemnastka! we Wroc\u0142awiu 2026 \u2013 bilety i noclegi - Blog Noclegowo\u00ae","robots":{"index":"index","follow":"follow","max-snippet":"max-snippet:-1","max-image-preview":"max-image-preview:large","max-video-preview":"max-video-preview:-1"},"canonical":"https:\/\/www.noclegowo.pl\/przewodnik\/kamil-bednarek-osiemnastka-wroclaw-2026-bilety-noclegi\/","og_locale":"pl_PL","og_type":"article","og_title":"Kamil Bednarek \u2013 Osiemnastka! we Wroc\u0142awiu 2026 \u2013 bilety i noclegi - Blog Noclegowo\u00ae","og_description":"Kamil Bednarek \u015bwi\u0119tuje 18 lat kariery koncertem w Narodowym Forum Muzyki we Wroc\u0142awiu, 25 wrze\u015bnia 2026 \u2013 zobacz bilety i noclegi blisko sali koncertowej.","og_url":"https:\/\/www.noclegowo.pl\/przewodnik\/kamil-bednarek-osiemnastka-wroclaw-2026-bilety-noclegi\/","og_site_name":"Blog Noclegowo\u00ae","article_publisher":"https:\/\/www.facebook.com\/Noclegowo\/","article_published_time":"2026-09-05T07:00:00+00:00","og_image":[{"url":"https:\/\/www.kupbilecik.pl\/img\/gal_plakaty\/kb7qr466oc23zo78.webp?t=1777369948"}],"twitter_card":"summary_large_image","twitter_misc":{"Napisane przez":"Noclegowo","Szacowany czas czytania":"3 minuty"},"schema":{"@context":"https:\/\/schema.org","@graph":[{"@type":"Organization","@id":"https:\/\/www.noclegowo.pl\/przewodnik\/#organization","name":"Noclegowo","url":"https:\/\/www.noclegowo.pl\/przewodnik\/","sameAs":["https:\/\/www.facebook.com\/Noclegowo\/"],"logo":{"@type":"ImageObject","@id":"https:\/\/www.noclegowo.pl\/przewodnik\/#logo","inLanguage":"pl-PL","url":"https:\/\/www.noclegowo.pl\/przewodnik\/wp-content\/uploads\/2018\/05\/LOGO-GREEN.jpg","contentUrl":"https:\/\/www.noclegowo.pl\/przewodnik\/wp-content\/uploads\/2018\/05\/LOGO-GREEN.jpg","width":1028,"height":320,"caption":"Noclegowo"},"image":{"@id":"https:\/\/www.noclegowo.pl\/przewodnik\/#logo"}},{"@type":"WebSite","@id":"https:\/\/www.noclegowo.pl\/przewodnik\/#website","url":"https:\/\/www.noclegowo.pl\/przewodnik\/","name":"Blog Noclegowo\u00ae","description":"Przewodniki turystyczne, porady dla wynajmuj\u0105cych","publisher":{"@id":"https:\/\/www.noclegowo.pl\/przewodnik\/#organization"},"potentialAction":[{"@type":"SearchAction","target":{"@type":"EntryPoint","urlTemplate":"https:\/\/www.noclegowo.pl\/przewodnik\/?s={search_term_string}"},"query-input":"required name=search_term_string"}],"inLanguage":"pl-PL"},{"@type":"ImageObject","@id":"https:\/\/www.noclegowo.pl\/przewodnik\/kamil-bednarek-osiemnastka-wroclaw-2026-bilety-noclegi\/#primaryimage","inLanguage":"pl-PL","url":"https:\/\/www.kupbilecik.pl\/img\/gal_plakaty\/kb7qr466oc23zo78.webp?t=1777369948","contentUrl":"https:\/\/www.kupbilecik.pl\/img\/gal_plakaty\/kb7qr466oc23zo78.webp?t=1777369948"},{"@type":"WebPage","@id":"https:\/\/www.noclegowo.pl\/przewodnik\/kamil-bednarek-osiemnastka-wroclaw-2026-bilety-noclegi\/#webpage","url":"https:\/\/www.noclegowo.pl\/przewodnik\/kamil-bednarek-osiemnastka-wroclaw-2026-bilety-noclegi\/","name":"Kamil Bednarek \u2013 Osiemnastka! we Wroc\u0142awiu 2026 \u2013 bilety i noclegi - Blog Noclegowo\u00ae","isPartOf":{"@id":"https:\/\/www.noclegowo.pl\/przewodnik\/#website"},"primaryImageOfPage":{"@id":"https:\/\/www.noclegowo.pl\/przewodnik\/kamil-bednarek-osiemnastka-wroclaw-2026-bilety-noclegi\/#primaryimage"},"datePublished":"2026-09-05T07:00:00+00:00","dateModified":"2026-09-05T07:00:00+00:00","breadcrumb":{"@id":"https:\/\/www.noclegowo.pl\/przewodnik\/kamil-bednarek-osiemnastka-wroclaw-2026-bilety-noclegi\/#breadcrumb"},"inLanguage":"pl-PL","potentialAction":[{"@type":"ReadAction","target":["https:\/\/www.noclegowo.pl\/przewodnik\/kamil-bednarek-osiemnastka-wroclaw-2026-bilety-noclegi\/"]}]},{"@type":"BreadcrumbList","@id":"https:\/\/www.noclegowo.pl\/przewodnik\/kamil-bednarek-osiemnastka-wroclaw-2026-bilety-noclegi\/#breadcrumb","itemListElement":[{"@type":"ListItem","position":1,"name":"Home","item":"https:\/\/www.noclegowo.pl\/przewodnik\/"},{"@type":"ListItem","position":2,"name":"Kamil Bednarek \u2013 Osiemnastka! we Wroc\u0142awiu 2026 \u2013 bilety i noclegi"}]},{"@type":"Article","@id":"https:\/\/www.noclegowo.pl\/przewodnik\/kamil-bednarek-osiemnastka-wroclaw-2026-bilety-noclegi\/#article","isPartOf":{"@id":"https:\/\/www.noclegowo.pl\/przewodnik\/kamil-bednarek-osiemnastka-wroclaw-2026-bilety-noclegi\/#webpage"},"author":{"@id":"https:\/\/www.noclegowo.pl\/przewodnik\/#\/schema\/person\/5a6210af7bea70a33b925e3bd1ce4286"},"headline":"Kamil Bednarek \u2013 Osiemnastka! we Wroc\u0142awiu 2026 \u2013 bilety i noclegi","datePublished":"2026-09-05T07:00:00+00:00","dateModified":"2026-09-05T07:00:00+00:00","mainEntityOfPage":{"@id":"https:\/\/www.noclegowo.pl\/przewodnik\/kamil-bednarek-osiemnastka-wroclaw-2026-bilety-noclegi\/#webpage"},"wordCount":690,"commentCount":0,"publisher":{"@id":"https:\/\/www.noclegowo.pl\/przewodnik\/#organization"},"image":{"@id":"https:\/\/www.noclegowo.pl\/przewodnik\/kamil-bednarek-osiemnastka-wroclaw-2026-bilety-noclegi\/#primaryimage"},"thumbnailUrl":"https:\/\/www.kupbilecik.pl\/img\/gal_plakaty\/kb7qr466oc23zo78.webp?t=1777369948","articleSection":["Wydarzenia"],"inLanguage":"pl-PL","potentialAction":[{"@type":"CommentAction","name":"Comment","target":["https:\/\/www.noclegowo.pl\/przewodnik\/kamil-bednarek-osiemnastka-wroclaw-2026-bilety-noclegi\/#respond"]}]},{"@type":"Person","@id":"https:\/\/www.noclegowo.pl\/przewodnik\/#\/schema\/person\/5a6210af7bea70a33b925e3bd1ce4286","name":"Noclegowo","url":"https:\/\/www.noclegowo.pl\/przewodnik\/author\/noclegowo\/"}]}},"_links":{"self":[{"href":"https:\/\/www.noclegowo.pl\/przewodnik\/wp-json\/wp\/v2\/posts\/20282"}],"collection":[{"href":"https:\/\/www.noclegowo.pl\/przewodnik\/wp-json\/wp\/v2\/posts"}],"about":[{"href":"https:\/\/www.noclegowo.pl\/przewodnik\/wp-json\/wp\/v2\/types\/post"}],"author":[{"embeddable":true,"href":"https:\/\/www.noclegowo.pl\/przewodnik\/wp-json\/wp\/v2\/users\/35"}],"replies":[{"embeddable":true,"href":"https:\/\/www.noclegowo.pl\/przewodnik\/wp-json\/wp\/v2\/comments?post=20282"}],"version-history":[{"count":0,"href":"https:\/\/www.noclegowo.pl\/przewodnik\/wp-json\/wp\/v2\/posts\/20282\/revisions"}],"wp:attachment":[{"href":"https:\/\/www.noclegowo.pl\/przewodnik\/wp-json\/wp\/v2\/media?parent=20282"}],"wp:term":[{"taxonomy":"category","embeddable":true,"href":"https:\/\/www.noclegowo.pl\/przewodnik\/wp-json\/wp\/v2\/categories?post=20282"},{"taxonomy":"post_tag","embeddable":true,"href":"https:\/\/www.noclegowo.pl\/przewodnik\/wp-json\/wp\/v2\/tags?post=20282"}],"curies":[{"name":"wp","href":"https:\/\/api.w.org\/{rel}","templated":true}]}}