{"id":20277,"date":"2026-08-31T09:00:00","date_gmt":"2026-08-31T07:00:00","guid":{"rendered":"https:\/\/www.noclegowo.pl\/przewodnik\/?p=20277"},"modified":"2026-08-31T09:00:00","modified_gmt":"2026-08-31T07:00:00","slug":"gfc-1-karlino-2026-gala-mma-materla-noclegi","status":"publish","type":"post","link":"https:\/\/www.noclegowo.pl\/przewodnik\/gfc-1-karlino-2026-gala-mma-materla-noclegi\/","title":{"rendered":"GFC 1 w Karlinie 2026 \u2013 gala MMA z Materl\u0105 i noclegi nad morzem"},"content":{"rendered":"\n<article style=\"font-family: Georgia, serif; max-width: 780px; margin: 0 auto; color: #1a1a2e; line-height: 1.8;\">\n\n  <img decoding=\"async\" src=\"https:\/\/www.kupbilecik.pl\/img\/gal_baza\/vuas6p3uggaah9ty.webp?t=1787143084\" alt=\"GFC 1 - Global Fighting Championship w Karlinie\" style=\"width:100%; border-radius:8px; margin-bottom:32px; display:block;\" \/>\n\n  <p style=\"font-size:1.05rem; font-style:italic; color:#555; border-left:4px solid #c0392b; padding-left:16px; margin-bottom:32px;\">\n    26 wrze\u015bnia 2026 \u00b7 Karlino \u00b7 gala sport\u00f3w walki (MMA \/ boks \/ K-1)\n  <\/p>\n\n  <p>Nad polskim Ba\u0142tykiem zwykle licz\u0105 si\u0119 zachody s\u0142o\u0144ca, spacery po molo i szum fal. 26 wrze\u015bnia 2026 roku do tego klimatu do\u0142\u0105czy co\u015b zupe\u0142nie innego \u2013 w Karlinie, zaledwie dwadzie\u015bcia kilka kilometr\u00f3w od Ko\u0142obrzegu, wystartuje pierwsza edycja gali GFC. To \u015bwietna okazja, \u017ceby po\u0142\u0105czy\u0107 wiecz\u00f3r pe\u0142en adrenaliny z weekendowym wypadem nad morze i noclegiem w jednym z nadmorskich kurort\u00f3w.<\/p>\n\n<!-- MORE -->\n\n  <div id=\"ez-toc-container\" class=\"ez-toc-v2_0_83 counter-hierarchy ez-toc-counter ez-toc-grey ez-toc-container-direction\">\n<p class=\"ez-toc-title\" style=\"cursor:inherit\">Spis tre\u015bci<\/p>\n<label for=\"ez-toc-cssicon-toggle-item-6a9986e13db2e\" class=\"ez-toc-cssicon-toggle-label\"><span class=\"\"><span class=\"eztoc-hide\" style=\"display:none;\">Toggle<\/span><span class=\"ez-toc-icon-toggle-span\"><svg style=\"fill: #999;color:#999\" xmlns=\"http:\/\/www.w3.org\/2000\/svg\" class=\"list-377408\" width=\"20px\" height=\"20px\" viewBox=\"0 0 24 24\" fill=\"none\"><path d=\"M6 6H4v2h2V6zm14 0H8v2h12V6zM4 11h2v2H4v-2zm16 0H8v2h12v-2zM4 16h2v2H4v-2zm16 0H8v2h12v-2z\" fill=\"currentColor\"><\/path><\/svg><svg style=\"fill: #999;color:#999\" class=\"arrow-unsorted-368013\" xmlns=\"http:\/\/www.w3.org\/2000\/svg\" width=\"10px\" height=\"10px\" viewBox=\"0 0 24 24\" version=\"1.2\" baseProfile=\"tiny\"><path d=\"M18.2 9.3l-6.2-6.3-6.2 6.3c-.2.2-.3.4-.3.7s.1.5.3.7c.2.2.4.3.7.3h11c.3 0 .5-.1.7-.3.2-.2.3-.5.3-.7s-.1-.5-.3-.7zM5.8 14.7l6.2 6.3 6.2-6.3c.2-.2.3-.5.3-.7s-.1-.5-.3-.7c-.2-.2-.4-.3-.7-.3h-11c-.3 0-.5.1-.7.3-.2.2-.3.5-.3.7s.1.5.3.7z\"\/><\/svg><\/span><\/span><\/label><input type=\"checkbox\"  id=\"ez-toc-cssicon-toggle-item-6a9986e13db2e\"  aria-label=\"Prze\u0142\u0105cznik\" \/><nav><ul class='ez-toc-list ez-toc-list-level-1 ' ><li class='ez-toc-page-1 ez-toc-heading-level-2'><a class=\"ez-toc-link ez-toc-heading-1\" href=\"https:\/\/www.noclegowo.pl\/przewodnik\/gfc-1-karlino-2026-gala-mma-materla-noclegi\/#O_wydarzeniu\" >O wydarzeniu<\/a><ul class='ez-toc-list-level-3' ><li class='ez-toc-heading-level-3'><a class=\"ez-toc-link ez-toc-heading-2\" href=\"https:\/\/www.noclegowo.pl\/przewodnik\/gfc-1-karlino-2026-gala-mma-materla-noclegi\/#Kacper_Matyszewski\" >Kacper Matyszewski<\/a><\/li><li class='ez-toc-page-1 ez-toc-heading-level-3'><a class=\"ez-toc-link ez-toc-heading-3\" href=\"https:\/\/www.noclegowo.pl\/przewodnik\/gfc-1-karlino-2026-gala-mma-materla-noclegi\/#Dominik_Gierowski_vs_Krystian_Blazewski\" >Dominik Gierowski vs. Krystian B\u0142a\u017cewski<\/a><\/li><li class='ez-toc-page-1 ez-toc-heading-level-3'><a class=\"ez-toc-link ez-toc-heading-4\" href=\"https:\/\/www.noclegowo.pl\/przewodnik\/gfc-1-karlino-2026-gala-mma-materla-noclegi\/#Lukasz_Parobiec\" >\u0141ukasz Parobiec<\/a><\/li><li class='ez-toc-page-1 ez-toc-heading-level-3'><a class=\"ez-toc-link ez-toc-heading-5\" href=\"https:\/\/www.noclegowo.pl\/przewodnik\/gfc-1-karlino-2026-gala-mma-materla-noclegi\/#Michal_Materla_%E2%80%93_gosc_specjalny\" >Micha\u0142 Materla \u2013 go\u015b\u0107 specjalny<\/a><\/li><\/ul><\/li><li class='ez-toc-page-1 ez-toc-heading-level-2'><a class=\"ez-toc-link ez-toc-heading-6\" href=\"https:\/\/www.noclegowo.pl\/przewodnik\/gfc-1-karlino-2026-gala-mma-materla-noclegi\/#Gdzie_sie_zatrzymac_Noclegi_blisko_Homanit_Areny\" >Gdzie si\u0119 zatrzyma\u0107? Noclegi blisko Homanit Areny<\/a><\/li><li class='ez-toc-page-1 ez-toc-heading-level-2'><a class=\"ez-toc-link ez-toc-heading-7\" href=\"https:\/\/www.noclegowo.pl\/przewodnik\/gfc-1-karlino-2026-gala-mma-materla-noclegi\/#Jak_dojechac\" >Jak dojecha\u0107?<\/a><\/li><\/ul><\/nav><\/div>\n<h2><span class=\"ez-toc-section\" id=\"O_wydarzeniu\"><\/span>O wydarzeniu<span class=\"ez-toc-section-end\"><\/span><\/h2>\n  <p>GFC, czyli Global Fighting Championship, startuje w Karlinie z rozmachem \u2013 organizatorzy zapowiadaj\u0105 dziesi\u0119\u0107 pojedynk\u00f3w rozgrywanych w r\u00f3\u017cnych formu\u0142ach: mieszanych sztuk walki, boksu i K-1. Widowisko odb\u0119dzie si\u0119 w Homanit Arenie, czyli Regionalnym Centrum Turystyki i Sportu przy ulicy Ko\u015bciuszki, a wi\u0119c obiekcie, kt\u00f3ry na co dzie\u0144 s\u0142u\u017cy lokalnej spo\u0142eczno\u015bci, a tego wieczoru zamieni si\u0119 w scen\u0119 pe\u0142n\u0105 \u015bwiate\u0142, laser\u00f3w, pirotechniki i muzyki. Organizatorzy nie kryj\u0105 ambicji \u2013 has\u0142o gali brzmi \u201eb\u0105d\u017a tam, gdzie zaczyna si\u0119 historia&#8221;, co dobrze oddaje rang\u0119 wydarzenia jako inauguracji nowej federacji na polskiej mapie sport\u00f3w walki.<\/p>\n\n  <p>Na li\u015bcie walcz\u0105cych pojawia si\u0119 kilka nazwisk, kt\u00f3re powinny zainteresowa\u0107 nie tylko twardych kibic\u00f3w MMA, ale te\u017c przypadkowych widz\u00f3w szukaj\u0105cych mocnych wra\u017ce\u0144. Poni\u017cej kr\u00f3tko o g\u0142\u00f3wnych bohaterach wieczoru.<\/p>\n\n  <h3><span class=\"ez-toc-section\" id=\"Kacper_Matyszewski\"><\/span>Kacper Matyszewski<span class=\"ez-toc-section-end\"><\/span><\/h3>\n  <p>Zawodnik z do\u015bwiadczeniem na mi\u0119dzynarodowej scenie, znany mi\u0119dzy innymi z wyst\u0119p\u00f3w w renomowanej organizacji Oktagon MMA. Jego udzia\u0142 w karcie walk to sygna\u0142, \u017ce karli\u0144ska gala od pierwszej edycji stawia na zawodnik\u00f3w licz\u0105cych si\u0119 w europejskim MMA, a nie wy\u0142\u0105cznie na lokalnych debiutant\u00f3w.<\/p>\n\n  <h3><span class=\"ez-toc-section\" id=\"Dominik_Gierowski_vs_Krystian_Blazewski\"><\/span>Dominik Gierowski vs. Krystian B\u0142a\u017cewski<span class=\"ez-toc-section-end\"><\/span><\/h3>\n  <p>To starcie zapowiada si\u0119 na jedno z ciekawszych tego wieczoru \u2013 reprezentant klubu Komodo Gda\u0144sk zmierzy si\u0119 z zawodnikiem dru\u017cyny Ankos MMA. Pojedynek dw\u00f3ch r\u00f3\u017cnych szk\u00f3\u0142 i styl\u00f3w walki to dok\u0142adnie ten typ starcia, kt\u00f3ry potrafi zdecydowa\u0107 o przebiegu ca\u0142ej gali.<\/p>\n\n  <h3><span class=\"ez-toc-section\" id=\"Lukasz_Parobiec\"><\/span>\u0141ukasz Parobiec<span class=\"ez-toc-section-end\"><\/span><\/h3>\n  <p>Kolejny zawodnik, kt\u00f3rego obecno\u015b\u0107 na karcie walk zapowiadana jest jako jeden z moment\u00f3w wieczoru wartych zobaczenia na \u017cywo. Organizatorzy podkre\u015blaj\u0105, \u017ce jego walka ma by\u0107 jednym z punkt\u00f3w kulminacyjnych gali.<\/p>\n\n  <h3><span class=\"ez-toc-section\" id=\"Michal_Materla_%E2%80%93_gosc_specjalny\"><\/span>Micha\u0142 Materla \u2013 go\u015b\u0107 specjalny<span class=\"ez-toc-section-end\"><\/span><\/h3>\n  <p>Najwi\u0119kszym nazwiskiem wieczoru jest Micha\u0142 Materla, jeden z najbardziej rozpoznawalnych polskich zawodnik\u00f3w MMA ostatniej dekady, wielokrotny mistrz i twarz krajowej sceny sport\u00f3w walki. Jego obecno\u015b\u0107 jako go\u015bcia specjalnego to mocny sygna\u0142, \u017ce karli\u0144ska gala od startu chce gra\u0107 w wy\u017cszej lidze wydarze\u0144 sportowych w regionie.<\/p>\n\n  <p>Co wa\u017cne, cz\u0119\u015b\u0107 dochodu ze sprzeda\u017cy bilet\u00f3w zostanie przeznaczona na pomoc dla chorego ch\u0142opca, Nikosia \u2013 wydarzenie sportowe zyskuje wi\u0119c dodatkowy, charytatywny wymiar, co dla wielu widz\u00f3w mo\u017ce by\u0107 dodatkow\u0105 motywacj\u0105 do przyjazdu.<\/p>\n\n  <p style=\"margin:32px 0;\">\n    <a href=\"https:\/\/www.kupbilecik.pl\/imprezy\/216299\/Karlino\/GFC+1+-+Global+Fighting+Championship\/?utm_source=pp&#038;utm_medium=346\" target=\"_blank\" rel=\"noopener\" style=\"background:#c0392b; color:#fff; padding:14px 32px; border-radius:4px; text-decoration:none; font-weight:bold; font-family:sans-serif; font-size:1rem;\">\n      \ud83c\udf9f Kup bilety \u2192 kupbilecik.pl\n    <\/a>\n  <\/p>\n\n  <h2><span class=\"ez-toc-section\" id=\"Gdzie_sie_zatrzymac_Noclegi_blisko_Homanit_Areny\"><\/span>Gdzie si\u0119 zatrzyma\u0107? Noclegi blisko Homanit Areny<span class=\"ez-toc-section-end\"><\/span><\/h2>\n  <p>Karlino le\u017cy w sercu zachodniopomorskiego pasa nadmorskiego, wi\u0119c najwygodniejsz\u0105 baz\u0105 wypadow\u0105 na gal\u0119 GFC 1 b\u0119dzie pobliskie Ustronie Morskie \u2013 kameralny kurort z piaszczyst\u0105 pla\u017c\u0105, oddalony od areny o zaledwie oko\u0142o dwadzie\u015bcia kilometr\u00f3w. To idealne rozwi\u0105zanie dla tych, kt\u00f3rzy chc\u0105 po\u0142\u0105czy\u0107 wieczorn\u0105 gal\u0119 z dniem odpoczynku nad morzem. Poni\u017cej pi\u0119\u0107 sprawdzonych obiekt\u00f3w najbli\u017cej miejsca wydarzenia, wybranych spo\u015br\u00f3d ofert dost\u0119pnych w serwisie noclegowo.pl.<\/p>\n\n  <table style=\"width:100%; border-collapse:collapse; margin-top:24px; font-family:sans-serif; font-size:0.92rem;\">\n    <thead>\n      <tr style=\"background:#1a1a2e; color:#fff;\">\n        <th style=\"padding:10px 14px; text-align:left;\">Obiekt<\/th>\n        <th style=\"padding:10px 14px; text-align:left;\">Typ<\/th>\n        <th style=\"padding:10px 14px; text-align:center;\">Ocena<\/th>\n        <th style=\"padding:10px 14px; text-align:left;\">Cena od<\/th>\n        <th style=\"padding:10px 14px; text-align:left;\">Odleg\u0142o\u015b\u0107<\/th>\n      <\/tr>\n    <\/thead>\n    <tbody>\n      <tr style=\"background:#f9f9fb;\">\n        <td style=\"padding:10px 14px;\"><a href=\"https:\/\/www.noclegowo.pl\/ustronie-morskie\/14740\" target=\"_blank\" rel=\"noopener\">Pokoje Go\u015bcinne SAWA<\/a><\/td>\n        <td style=\"padding:10px 14px;\">kwatera \/ pok\u00f3j<\/td>\n        <td style=\"padding:10px 14px; text-align:center;\">4,95 \u2605<\/td>\n        <td style=\"padding:10px 14px;\">od 35 z\u0142<\/td>\n        <td style=\"padding:10px 14px;\">ok. 21 km<\/td>\n      <\/tr>\n      <tr style=\"background:#fff;\">\n        <td style=\"padding:10px 14px;\"><a href=\"https:\/\/www.noclegowo.pl\/ustronie-morskie\/64247\" target=\"_blank\" rel=\"noopener\">Adadomki<\/a><\/td>\n        <td style=\"padding:10px 14px;\">kemping<\/td>\n        <td style=\"padding:10px 14px; text-align:center;\">5,0 \u2605<\/td>\n        <td style=\"padding:10px 14px;\">od 25 z\u0142<\/td>\n        <td style=\"padding:10px 14px;\">ok. 21 km<\/td>\n      <\/tr>\n      <tr style=\"background:#f9f9fb;\">\n        <td style=\"padding:10px 14px;\"><a href=\"https:\/\/www.noclegowo.pl\/ustronie-morskie\/16220\" target=\"_blank\" rel=\"noopener\">Bia\u0142y \u017bagiel<\/a><\/td>\n        <td style=\"padding:10px 14px;\">domek letniskowy<\/td>\n        <td style=\"padding:10px 14px; text-align:center;\">5,0 \u2605<\/td>\n        <td style=\"padding:10px 14px;\">od 25 z\u0142<\/td>\n        <td style=\"padding:10px 14px;\">ok. 21 km<\/td>\n      <\/tr>\n      <tr style=\"background:#fff;\">\n        <td style=\"padding:10px 14px;\"><a href=\"https:\/\/www.noclegowo.pl\/ustronie-morskie\/2093\" target=\"_blank\" rel=\"noopener\">Ustronie Morskie Dolly \u2013 70 m od morza<\/a><\/td>\n        <td style=\"padding:10px 14px;\">kwatera \/ pok\u00f3j<\/td>\n        <td style=\"padding:10px 14px; text-align:center;\">5,0 \u2605<\/td>\n        <td style=\"padding:10px 14px;\">od 40 z\u0142<\/td>\n        <td style=\"padding:10px 14px;\">ok. 21 km<\/td>\n      <\/tr>\n      <tr style=\"background:#f9f9fb;\">\n        <td style=\"padding:10px 14px;\"><a href=\"https:\/\/www.noclegowo.pl\/ustronie-morskie\/12745\" target=\"_blank\" rel=\"noopener\">Domki 100 m od pla\u017cy, basen, animacje, jacuzzi<\/a><\/td>\n        <td style=\"padding:10px 14px;\">domek letniskowy<\/td>\n        <td style=\"padding:10px 14px; text-align:center;\">4,97 \u2605<\/td>\n        <td style=\"padding:10px 14px;\">od 15 z\u0142<\/td>\n        <td style=\"padding:10px 14px;\">ok. 21 km<\/td>\n      <\/tr>\n    <\/tbody>\n  <\/table>\n\n  <p style=\"margin-top:12px; font-size:0.85rem; color:#888; font-family:sans-serif;\">\n    Wi\u0119cej nocleg\u00f3w: <a href=\"https:\/\/www.noclegowo.pl\/noclegi\/ustronie-morskie\" target=\"_blank\" rel=\"noopener\">noclegowo.pl\/noclegi\/ustronie-morskie<\/a>\n  <\/p>\n\n  <h2><span class=\"ez-toc-section\" id=\"Jak_dojechac\"><\/span>Jak dojecha\u0107?<span class=\"ez-toc-section-end\"><\/span><\/h2>\n  <p>Karlino le\u017cy w wojew\u00f3dztwie zachodniopomorskim, nad Radwi\u0105, w bezpo\u015brednim s\u0105siedztwie drogi ekspresowej S6 \u0142\u0105cz\u0105cej Koszalin z Ko\u0142obrzegiem \u2013 to najwygodniejszy wariant dla os\u00f3b jad\u0105cych samochodem zar\u00f3wno od strony Tr\u00f3jmiasta, jak i Szczecina. Z Ko\u0142obrzegu do Karlina dojedziemy w oko\u0142o 20 minut, z Koszalina to nieca\u0142e p\u00f3\u0142 godziny jazdy. Dla podr\u00f3\u017cuj\u0105cych kolej\u0105 najbli\u017cszym wi\u0119kszym w\u0119z\u0142em jest stacja w Bia\u0142ogardzie lub Ko\u0142obrzegu, sk\u0105d do Karlina mo\u017cna dotrze\u0107 lokalnym po\u0142\u0105czeniem autobusowym. Warto zaplanowa\u0107 przyjazd z wyprzedzeniem \u2013 Homanit Arena, czyli Regionalne Centrum Turystyki i Sportu przy ulicy Ko\u015bciuszki, w dniu gali z pewno\u015bci\u0105 przyci\u0105gnie t\u0142umy kibic\u00f3w z ca\u0142ego regionu.<\/p>\n\n  <hr style=\"margin:48px 0; border:none; border-top:1px solid #e0e0e0;\" \/>\n  <p style=\"font-size:0.85rem; color:#999; font-family:sans-serif; line-height:1.6;\">\n    \ud83d\udcc5 GFC 1 \u2013 Global Fighting Championship \u00b7 26 wrze\u015bnia 2026 \u00b7 Karlino<br>\n    \ud83c\udf9f Bilety: <a href=\"https:\/\/www.kupbilecik.pl\/imprezy\/216299\/Karlino\/GFC+1+-+Global+Fighting+Championship\/?utm_source=pp&#038;utm_medium=346\" target=\"_blank\" rel=\"noopener\">kupbilecik.pl<\/a> &nbsp;\u00b7&nbsp;\n    \ud83c\udfe0 Noclegi: <a href=\"https:\/\/www.noclegowo.pl\/noclegi\/ustronie-morskie\" target=\"_blank\" rel=\"noopener\">noclegowo.pl<\/a>\n  <\/p>\n\n<\/article>\n\n","protected":false},"excerpt":{"rendered":"<p>26 wrze\u015bnia 2026 w Karlinie rusza gala GFC 1 z udzia\u0142em Micha\u0142a Materli. Sprawd\u017a kart\u0119 walk i gdzie przenocowa\u0107 blisko Ko\u0142obrzegu i Ustronia Morskiego.<\/p>\n","protected":false},"author":35,"featured_media":0,"comment_status":"open","ping_status":"","sticky":false,"template":"","format":"standard","meta":[],"categories":[8],"tags":[],"yoast_head":"<!-- This site is optimized with the Yoast SEO plugin v17.8 - https:\/\/yoast.com\/wordpress\/plugins\/seo\/ -->\n<title>GFC 1 w Karlinie 2026 \u2013 gala MMA z Materl\u0105 i noclegi nad morzem - Blog Noclegowo\u00ae<\/title>\n<meta name=\"robots\" content=\"index, follow, max-snippet:-1, max-image-preview:large, max-video-preview:-1\" \/>\n<link rel=\"canonical\" href=\"https:\/\/www.noclegowo.pl\/przewodnik\/gfc-1-karlino-2026-gala-mma-materla-noclegi\/\" \/>\n<meta property=\"og:locale\" content=\"pl_PL\" \/>\n<meta property=\"og:type\" content=\"article\" \/>\n<meta property=\"og:title\" content=\"GFC 1 w Karlinie 2026 \u2013 gala MMA z Materl\u0105 i noclegi nad morzem - Blog Noclegowo\u00ae\" \/>\n<meta property=\"og:description\" content=\"26 wrze\u015bnia 2026 w Karlinie rusza gala GFC 1 z udzia\u0142em Micha\u0142a Materli. Sprawd\u017a kart\u0119 walk i gdzie przenocowa\u0107 blisko Ko\u0142obrzegu i Ustronia Morskiego.\" \/>\n<meta property=\"og:url\" content=\"https:\/\/www.noclegowo.pl\/przewodnik\/gfc-1-karlino-2026-gala-mma-materla-noclegi\/\" \/>\n<meta property=\"og:site_name\" content=\"Blog Noclegowo\u00ae\" \/>\n<meta property=\"article:publisher\" content=\"https:\/\/www.facebook.com\/Noclegowo\/\" \/>\n<meta property=\"article:published_time\" content=\"2026-08-31T07:00:00+00:00\" \/>\n<meta property=\"og:image\" content=\"https:\/\/www.kupbilecik.pl\/img\/gal_baza\/vuas6p3uggaah9ty.webp?t=1787143084\" \/>\n<meta name=\"twitter:card\" content=\"summary_large_image\" \/>\n<meta name=\"twitter:label1\" content=\"Napisane przez\" \/>\n\t<meta name=\"twitter:data1\" content=\"Noclegowo\" \/>\n\t<meta name=\"twitter:label2\" content=\"Szacowany czas czytania\" \/>\n\t<meta name=\"twitter:data2\" content=\"4 minuty\" \/>\n<script type=\"application\/ld+json\" class=\"yoast-schema-graph\">{\"@context\":\"https:\/\/schema.org\",\"@graph\":[{\"@type\":\"Organization\",\"@id\":\"https:\/\/www.noclegowo.pl\/przewodnik\/#organization\",\"name\":\"Noclegowo\",\"url\":\"https:\/\/www.noclegowo.pl\/przewodnik\/\",\"sameAs\":[\"https:\/\/www.facebook.com\/Noclegowo\/\"],\"logo\":{\"@type\":\"ImageObject\",\"@id\":\"https:\/\/www.noclegowo.pl\/przewodnik\/#logo\",\"inLanguage\":\"pl-PL\",\"url\":\"https:\/\/www.noclegowo.pl\/przewodnik\/wp-content\/uploads\/2018\/05\/LOGO-GREEN.jpg\",\"contentUrl\":\"https:\/\/www.noclegowo.pl\/przewodnik\/wp-content\/uploads\/2018\/05\/LOGO-GREEN.jpg\",\"width\":1028,\"height\":320,\"caption\":\"Noclegowo\"},\"image\":{\"@id\":\"https:\/\/www.noclegowo.pl\/przewodnik\/#logo\"}},{\"@type\":\"WebSite\",\"@id\":\"https:\/\/www.noclegowo.pl\/przewodnik\/#website\",\"url\":\"https:\/\/www.noclegowo.pl\/przewodnik\/\",\"name\":\"Blog Noclegowo\\u00ae\",\"description\":\"Przewodniki turystyczne, porady dla wynajmuj\\u0105cych\",\"publisher\":{\"@id\":\"https:\/\/www.noclegowo.pl\/przewodnik\/#organization\"},\"potentialAction\":[{\"@type\":\"SearchAction\",\"target\":{\"@type\":\"EntryPoint\",\"urlTemplate\":\"https:\/\/www.noclegowo.pl\/przewodnik\/?s={search_term_string}\"},\"query-input\":\"required name=search_term_string\"}],\"inLanguage\":\"pl-PL\"},{\"@type\":\"ImageObject\",\"@id\":\"https:\/\/www.noclegowo.pl\/przewodnik\/gfc-1-karlino-2026-gala-mma-materla-noclegi\/#primaryimage\",\"inLanguage\":\"pl-PL\",\"url\":\"https:\/\/www.kupbilecik.pl\/img\/gal_baza\/vuas6p3uggaah9ty.webp?t=1787143084\",\"contentUrl\":\"https:\/\/www.kupbilecik.pl\/img\/gal_baza\/vuas6p3uggaah9ty.webp?t=1787143084\"},{\"@type\":\"WebPage\",\"@id\":\"https:\/\/www.noclegowo.pl\/przewodnik\/gfc-1-karlino-2026-gala-mma-materla-noclegi\/#webpage\",\"url\":\"https:\/\/www.noclegowo.pl\/przewodnik\/gfc-1-karlino-2026-gala-mma-materla-noclegi\/\",\"name\":\"GFC 1 w Karlinie 2026 \\u2013 gala MMA z Materl\\u0105 i noclegi nad morzem - Blog Noclegowo\\u00ae\",\"isPartOf\":{\"@id\":\"https:\/\/www.noclegowo.pl\/przewodnik\/#website\"},\"primaryImageOfPage\":{\"@id\":\"https:\/\/www.noclegowo.pl\/przewodnik\/gfc-1-karlino-2026-gala-mma-materla-noclegi\/#primaryimage\"},\"datePublished\":\"2026-08-31T07:00:00+00:00\",\"dateModified\":\"2026-08-31T07:00:00+00:00\",\"breadcrumb\":{\"@id\":\"https:\/\/www.noclegowo.pl\/przewodnik\/gfc-1-karlino-2026-gala-mma-materla-noclegi\/#breadcrumb\"},\"inLanguage\":\"pl-PL\",\"potentialAction\":[{\"@type\":\"ReadAction\",\"target\":[\"https:\/\/www.noclegowo.pl\/przewodnik\/gfc-1-karlino-2026-gala-mma-materla-noclegi\/\"]}]},{\"@type\":\"BreadcrumbList\",\"@id\":\"https:\/\/www.noclegowo.pl\/przewodnik\/gfc-1-karlino-2026-gala-mma-materla-noclegi\/#breadcrumb\",\"itemListElement\":[{\"@type\":\"ListItem\",\"position\":1,\"name\":\"Home\",\"item\":\"https:\/\/www.noclegowo.pl\/przewodnik\/\"},{\"@type\":\"ListItem\",\"position\":2,\"name\":\"GFC 1 w Karlinie 2026 \\u2013 gala MMA z Materl\\u0105 i noclegi nad morzem\"}]},{\"@type\":\"Article\",\"@id\":\"https:\/\/www.noclegowo.pl\/przewodnik\/gfc-1-karlino-2026-gala-mma-materla-noclegi\/#article\",\"isPartOf\":{\"@id\":\"https:\/\/www.noclegowo.pl\/przewodnik\/gfc-1-karlino-2026-gala-mma-materla-noclegi\/#webpage\"},\"author\":{\"@id\":\"https:\/\/www.noclegowo.pl\/przewodnik\/#\/schema\/person\/5a6210af7bea70a33b925e3bd1ce4286\"},\"headline\":\"GFC 1 w Karlinie 2026 \\u2013 gala MMA z Materl\\u0105 i noclegi nad morzem\",\"datePublished\":\"2026-08-31T07:00:00+00:00\",\"dateModified\":\"2026-08-31T07:00:00+00:00\",\"mainEntityOfPage\":{\"@id\":\"https:\/\/www.noclegowo.pl\/przewodnik\/gfc-1-karlino-2026-gala-mma-materla-noclegi\/#webpage\"},\"wordCount\":770,\"commentCount\":0,\"publisher\":{\"@id\":\"https:\/\/www.noclegowo.pl\/przewodnik\/#organization\"},\"image\":{\"@id\":\"https:\/\/www.noclegowo.pl\/przewodnik\/gfc-1-karlino-2026-gala-mma-materla-noclegi\/#primaryimage\"},\"thumbnailUrl\":\"https:\/\/www.kupbilecik.pl\/img\/gal_baza\/vuas6p3uggaah9ty.webp?t=1787143084\",\"articleSection\":[\"Wydarzenia\"],\"inLanguage\":\"pl-PL\",\"potentialAction\":[{\"@type\":\"CommentAction\",\"name\":\"Comment\",\"target\":[\"https:\/\/www.noclegowo.pl\/przewodnik\/gfc-1-karlino-2026-gala-mma-materla-noclegi\/#respond\"]}]},{\"@type\":\"Person\",\"@id\":\"https:\/\/www.noclegowo.pl\/przewodnik\/#\/schema\/person\/5a6210af7bea70a33b925e3bd1ce4286\",\"name\":\"Noclegowo\",\"url\":\"https:\/\/www.noclegowo.pl\/przewodnik\/author\/noclegowo\/\"}]}<\/script>\n<!-- \/ Yoast SEO plugin. -->","yoast_head_json":{"title":"GFC 1 w Karlinie 2026 \u2013 gala MMA z Materl\u0105 i noclegi nad morzem - Blog Noclegowo\u00ae","robots":{"index":"index","follow":"follow","max-snippet":"max-snippet:-1","max-image-preview":"max-image-preview:large","max-video-preview":"max-video-preview:-1"},"canonical":"https:\/\/www.noclegowo.pl\/przewodnik\/gfc-1-karlino-2026-gala-mma-materla-noclegi\/","og_locale":"pl_PL","og_type":"article","og_title":"GFC 1 w Karlinie 2026 \u2013 gala MMA z Materl\u0105 i noclegi nad morzem - Blog Noclegowo\u00ae","og_description":"26 wrze\u015bnia 2026 w Karlinie rusza gala GFC 1 z udzia\u0142em Micha\u0142a Materli. Sprawd\u017a kart\u0119 walk i gdzie przenocowa\u0107 blisko Ko\u0142obrzegu i Ustronia Morskiego.","og_url":"https:\/\/www.noclegowo.pl\/przewodnik\/gfc-1-karlino-2026-gala-mma-materla-noclegi\/","og_site_name":"Blog Noclegowo\u00ae","article_publisher":"https:\/\/www.facebook.com\/Noclegowo\/","article_published_time":"2026-08-31T07:00:00+00:00","og_image":[{"url":"https:\/\/www.kupbilecik.pl\/img\/gal_baza\/vuas6p3uggaah9ty.webp?t=1787143084"}],"twitter_card":"summary_large_image","twitter_misc":{"Napisane przez":"Noclegowo","Szacowany czas czytania":"4 minuty"},"schema":{"@context":"https:\/\/schema.org","@graph":[{"@type":"Organization","@id":"https:\/\/www.noclegowo.pl\/przewodnik\/#organization","name":"Noclegowo","url":"https:\/\/www.noclegowo.pl\/przewodnik\/","sameAs":["https:\/\/www.facebook.com\/Noclegowo\/"],"logo":{"@type":"ImageObject","@id":"https:\/\/www.noclegowo.pl\/przewodnik\/#logo","inLanguage":"pl-PL","url":"https:\/\/www.noclegowo.pl\/przewodnik\/wp-content\/uploads\/2018\/05\/LOGO-GREEN.jpg","contentUrl":"https:\/\/www.noclegowo.pl\/przewodnik\/wp-content\/uploads\/2018\/05\/LOGO-GREEN.jpg","width":1028,"height":320,"caption":"Noclegowo"},"image":{"@id":"https:\/\/www.noclegowo.pl\/przewodnik\/#logo"}},{"@type":"WebSite","@id":"https:\/\/www.noclegowo.pl\/przewodnik\/#website","url":"https:\/\/www.noclegowo.pl\/przewodnik\/","name":"Blog Noclegowo\u00ae","description":"Przewodniki turystyczne, porady dla wynajmuj\u0105cych","publisher":{"@id":"https:\/\/www.noclegowo.pl\/przewodnik\/#organization"},"potentialAction":[{"@type":"SearchAction","target":{"@type":"EntryPoint","urlTemplate":"https:\/\/www.noclegowo.pl\/przewodnik\/?s={search_term_string}"},"query-input":"required name=search_term_string"}],"inLanguage":"pl-PL"},{"@type":"ImageObject","@id":"https:\/\/www.noclegowo.pl\/przewodnik\/gfc-1-karlino-2026-gala-mma-materla-noclegi\/#primaryimage","inLanguage":"pl-PL","url":"https:\/\/www.kupbilecik.pl\/img\/gal_baza\/vuas6p3uggaah9ty.webp?t=1787143084","contentUrl":"https:\/\/www.kupbilecik.pl\/img\/gal_baza\/vuas6p3uggaah9ty.webp?t=1787143084"},{"@type":"WebPage","@id":"https:\/\/www.noclegowo.pl\/przewodnik\/gfc-1-karlino-2026-gala-mma-materla-noclegi\/#webpage","url":"https:\/\/www.noclegowo.pl\/przewodnik\/gfc-1-karlino-2026-gala-mma-materla-noclegi\/","name":"GFC 1 w Karlinie 2026 \u2013 gala MMA z Materl\u0105 i noclegi nad morzem - Blog Noclegowo\u00ae","isPartOf":{"@id":"https:\/\/www.noclegowo.pl\/przewodnik\/#website"},"primaryImageOfPage":{"@id":"https:\/\/www.noclegowo.pl\/przewodnik\/gfc-1-karlino-2026-gala-mma-materla-noclegi\/#primaryimage"},"datePublished":"2026-08-31T07:00:00+00:00","dateModified":"2026-08-31T07:00:00+00:00","breadcrumb":{"@id":"https:\/\/www.noclegowo.pl\/przewodnik\/gfc-1-karlino-2026-gala-mma-materla-noclegi\/#breadcrumb"},"inLanguage":"pl-PL","potentialAction":[{"@type":"ReadAction","target":["https:\/\/www.noclegowo.pl\/przewodnik\/gfc-1-karlino-2026-gala-mma-materla-noclegi\/"]}]},{"@type":"BreadcrumbList","@id":"https:\/\/www.noclegowo.pl\/przewodnik\/gfc-1-karlino-2026-gala-mma-materla-noclegi\/#breadcrumb","itemListElement":[{"@type":"ListItem","position":1,"name":"Home","item":"https:\/\/www.noclegowo.pl\/przewodnik\/"},{"@type":"ListItem","position":2,"name":"GFC 1 w Karlinie 2026 \u2013 gala MMA z Materl\u0105 i noclegi nad morzem"}]},{"@type":"Article","@id":"https:\/\/www.noclegowo.pl\/przewodnik\/gfc-1-karlino-2026-gala-mma-materla-noclegi\/#article","isPartOf":{"@id":"https:\/\/www.noclegowo.pl\/przewodnik\/gfc-1-karlino-2026-gala-mma-materla-noclegi\/#webpage"},"author":{"@id":"https:\/\/www.noclegowo.pl\/przewodnik\/#\/schema\/person\/5a6210af7bea70a33b925e3bd1ce4286"},"headline":"GFC 1 w Karlinie 2026 \u2013 gala MMA z Materl\u0105 i noclegi nad morzem","datePublished":"2026-08-31T07:00:00+00:00","dateModified":"2026-08-31T07:00:00+00:00","mainEntityOfPage":{"@id":"https:\/\/www.noclegowo.pl\/przewodnik\/gfc-1-karlino-2026-gala-mma-materla-noclegi\/#webpage"},"wordCount":770,"commentCount":0,"publisher":{"@id":"https:\/\/www.noclegowo.pl\/przewodnik\/#organization"},"image":{"@id":"https:\/\/www.noclegowo.pl\/przewodnik\/gfc-1-karlino-2026-gala-mma-materla-noclegi\/#primaryimage"},"thumbnailUrl":"https:\/\/www.kupbilecik.pl\/img\/gal_baza\/vuas6p3uggaah9ty.webp?t=1787143084","articleSection":["Wydarzenia"],"inLanguage":"pl-PL","potentialAction":[{"@type":"CommentAction","name":"Comment","target":["https:\/\/www.noclegowo.pl\/przewodnik\/gfc-1-karlino-2026-gala-mma-materla-noclegi\/#respond"]}]},{"@type":"Person","@id":"https:\/\/www.noclegowo.pl\/przewodnik\/#\/schema\/person\/5a6210af7bea70a33b925e3bd1ce4286","name":"Noclegowo","url":"https:\/\/www.noclegowo.pl\/przewodnik\/author\/noclegowo\/"}]}},"_links":{"self":[{"href":"https:\/\/www.noclegowo.pl\/przewodnik\/wp-json\/wp\/v2\/posts\/20277"}],"collection":[{"href":"https:\/\/www.noclegowo.pl\/przewodnik\/wp-json\/wp\/v2\/posts"}],"about":[{"href":"https:\/\/www.noclegowo.pl\/przewodnik\/wp-json\/wp\/v2\/types\/post"}],"author":[{"embeddable":true,"href":"https:\/\/www.noclegowo.pl\/przewodnik\/wp-json\/wp\/v2\/users\/35"}],"replies":[{"embeddable":true,"href":"https:\/\/www.noclegowo.pl\/przewodnik\/wp-json\/wp\/v2\/comments?post=20277"}],"version-history":[{"count":0,"href":"https:\/\/www.noclegowo.pl\/przewodnik\/wp-json\/wp\/v2\/posts\/20277\/revisions"}],"wp:attachment":[{"href":"https:\/\/www.noclegowo.pl\/przewodnik\/wp-json\/wp\/v2\/media?parent=20277"}],"wp:term":[{"taxonomy":"category","embeddable":true,"href":"https:\/\/www.noclegowo.pl\/przewodnik\/wp-json\/wp\/v2\/categories?post=20277"},{"taxonomy":"post_tag","embeddable":true,"href":"https:\/\/www.noclegowo.pl\/przewodnik\/wp-json\/wp\/v2\/tags?post=20277"}],"curies":[{"name":"wp","href":"https:\/\/api.w.org\/{rel}","templated":true}]}}