{"id":20261,"date":"2026-08-18T09:00:00","date_gmt":"2026-08-18T07:00:00","guid":{"rendered":"https:\/\/www.noclegowo.pl\/przewodnik\/?p=20261"},"modified":"2026-08-18T09:00:00","modified_gmt":"2026-08-18T07:00:00","slug":"halina-mlynkowa-zpit-slask-zywiec-2026-koncert-noclegi","status":"publish","type":"post","link":"https:\/\/www.noclegowo.pl\/przewodnik\/halina-mlynkowa-zpit-slask-zywiec-2026-koncert-noclegi\/","title":{"rendered":"Halina Mlynkowa i ZPiT \u015al\u0105sk w \u017bywcu 2026 \u2013 koncert i noclegi"},"content":{"rendered":"\n<article style=\"font-family: Georgia, serif; max-width: 780px; margin: 0 auto; color: #1a1a2e; line-height: 1.8;\">\n\n  <img decoding=\"async\" src=\"https:\/\/www.kupbilecik.pl\/img\/gal_plakaty\/05qt10xlw4h1r3xl.webp?t=1783417077\" alt=\"Halina Mlynkowa i ZPiT \u015al\u0105sk w \u017bywcu\" style=\"width:100%; border-radius:8px; margin-bottom:32px; display:block;\" \/>\n\n  <p style=\"font-size:1.05rem; font-style:italic; color:#555; border-left:4px solid #c0392b; padding-left:16px; margin-bottom:32px;\">\n    13 wrze\u015bnia 2026 (niedziela), godz. 18:00 \u00b7 \u017bywiec \u00b7 koncert galowy z orkiestr\u0105 i ch\u00f3rem\n  <\/p>\n\n  <p>S\u0105 koncerty, po kt\u00f3rych zwyczajnie nie chce si\u0119 wraca\u0107 od razu do domu \u2013 i ten w \u017bywcu zapowiada si\u0119 w\u0142a\u015bnie tak. Halina Mlynkowa w towarzystwie blisko stuosobowej orkiestry i ch\u00f3ru Zespo\u0142u Pie\u015bni i Ta\u0144ca \u201e\u015al\u0105sk&#8221; zagra program, kt\u00f3ry po wyprzedanym koncercie w katowickim NOSPR-ze przenosi si\u0119 teraz w Beskidy. Skoro artystki i orkiestry nie da si\u0119 przes\u0142ucha\u0107 w p\u00f3\u0142 godziny mi\u0119dzy dojazdem a powrotem, najlepiej po prostu zosta\u0107 w \u017bywcu na ca\u0142\u0105 niedziel\u0119 \u2013 i przy okazji odkry\u0107 Kotlin\u0119 \u017bywieck\u0105, zanim zrobi si\u0119 w niej t\u0142oczno na jesie\u0144.<\/p>\n\n<!-- MORE -->\n\n  <div id=\"ez-toc-container\" class=\"ez-toc-v2_0_83 counter-hierarchy ez-toc-counter ez-toc-grey ez-toc-container-direction\">\n<p class=\"ez-toc-title\" style=\"cursor:inherit\">Spis tre\u015bci<\/p>\n<label for=\"ez-toc-cssicon-toggle-item-6a99854ac5cf0\" class=\"ez-toc-cssicon-toggle-label\"><span class=\"\"><span class=\"eztoc-hide\" style=\"display:none;\">Toggle<\/span><span class=\"ez-toc-icon-toggle-span\"><svg style=\"fill: #999;color:#999\" xmlns=\"http:\/\/www.w3.org\/2000\/svg\" class=\"list-377408\" width=\"20px\" height=\"20px\" viewBox=\"0 0 24 24\" fill=\"none\"><path d=\"M6 6H4v2h2V6zm14 0H8v2h12V6zM4 11h2v2H4v-2zm16 0H8v2h12v-2zM4 16h2v2H4v-2zm16 0H8v2h12v-2z\" fill=\"currentColor\"><\/path><\/svg><svg style=\"fill: #999;color:#999\" class=\"arrow-unsorted-368013\" xmlns=\"http:\/\/www.w3.org\/2000\/svg\" width=\"10px\" height=\"10px\" viewBox=\"0 0 24 24\" version=\"1.2\" baseProfile=\"tiny\"><path d=\"M18.2 9.3l-6.2-6.3-6.2 6.3c-.2.2-.3.4-.3.7s.1.5.3.7c.2.2.4.3.7.3h11c.3 0 .5-.1.7-.3.2-.2.3-.5.3-.7s-.1-.5-.3-.7zM5.8 14.7l6.2 6.3 6.2-6.3c.2-.2.3-.5.3-.7s-.1-.5-.3-.7c-.2-.2-.4-.3-.7-.3h-11c-.3 0-.5.1-.7.3-.2.2-.3.5-.3.7s.1.5.3.7z\"\/><\/svg><\/span><\/span><\/label><input type=\"checkbox\"  id=\"ez-toc-cssicon-toggle-item-6a99854ac5cf0\"  aria-label=\"Prze\u0142\u0105cznik\" \/><nav><ul class='ez-toc-list ez-toc-list-level-1 ' ><li class='ez-toc-page-1 ez-toc-heading-level-2'><a class=\"ez-toc-link ez-toc-heading-1\" href=\"https:\/\/www.noclegowo.pl\/przewodnik\/halina-mlynkowa-zpit-slask-zywiec-2026-koncert-noclegi\/#O_wydarzeniu\" >O wydarzeniu<\/a><ul class='ez-toc-list-level-3' ><li class='ez-toc-heading-level-3'><a class=\"ez-toc-link ez-toc-heading-2\" href=\"https:\/\/www.noclegowo.pl\/przewodnik\/halina-mlynkowa-zpit-slask-zywiec-2026-koncert-noclegi\/#Duet_z_Maciejem_Zakoscielnym\" >Duet z Maciejem Zako\u015bcielnym<\/a><\/li><li class='ez-toc-page-1 ez-toc-heading-level-3'><a class=\"ez-toc-link ez-toc-heading-3\" href=\"https:\/\/www.noclegowo.pl\/przewodnik\/halina-mlynkowa-zpit-slask-zywiec-2026-koncert-noclegi\/#Jacek_Krolik_%E2%80%93_gitara_ktora_pamieta_poczatki_Brathanek\" >Jacek Kr\u00f3lik \u2013 gitara, kt\u00f3ra pami\u0119ta pocz\u0105tki Brathanek<\/a><\/li><\/ul><\/li><li class='ez-toc-page-1 ez-toc-heading-level-2'><a class=\"ez-toc-link ez-toc-heading-4\" href=\"https:\/\/www.noclegowo.pl\/przewodnik\/halina-mlynkowa-zpit-slask-zywiec-2026-koncert-noclegi\/#Gdzie_sie_zatrzymac_Noclegi_blisko_Zywca\" >Gdzie si\u0119 zatrzyma\u0107? Noclegi blisko \u017bywca<\/a><\/li><li class='ez-toc-page-1 ez-toc-heading-level-2'><a class=\"ez-toc-link ez-toc-heading-5\" href=\"https:\/\/www.noclegowo.pl\/przewodnik\/halina-mlynkowa-zpit-slask-zywiec-2026-koncert-noclegi\/#Jak_dojechac\" >Jak dojecha\u0107?<\/a><\/li><\/ul><\/nav><\/div>\n<h2><span class=\"ez-toc-section\" id=\"O_wydarzeniu\"><\/span>O wydarzeniu<span class=\"ez-toc-section-end\"><\/span><\/h2>\n  <p>Wsp\u00f3\u0142praca Haliny Mlynkowej \u2013 dawnej wokalistki Brathanek, dzi\u015b artystki id\u0105cej mocno w stron\u0119 w\u0142asnej, dojrza\u0142ej stylistyki \u2013 z Zespo\u0142em Pie\u015bni i Ta\u0144ca \u201e\u015al\u0105sk&#8221; im. Stanis\u0142awa Hadyny zacz\u0119\u0142a si\u0119 jako jednorazowy eksperyment, a rozros\u0142a si\u0119 w regularn\u0105 tras\u0119 koncertow\u0105. Po tym, jak bilety na wsp\u00f3lny wyst\u0119p w katowickim NOSPR-ie rozesz\u0142y si\u0119 w rekordowym tempie, duet zdecydowa\u0142 si\u0119 zabra\u0107 program w kolejne miejsca w Polsce \u2013 a jednym z przystank\u00f3w jest w\u0142a\u015bnie \u017cywiecki koncert zaplanowany na 13 wrze\u015bnia.<\/p>\n  <p>To, co odr\u00f3\u017cnia to wydarzenie od typowego koncertu objazdowego, to skala produkcji. Na scenie pojawi si\u0119 nie kameralny zesp\u00f3\u0142, a pe\u0142na, blisko stuosobowa orkiestra oraz ch\u00f3r ZPiT \u201e\u015al\u0105sk&#8221; \u2013 jeden z najbardziej rozpoznawalnych polskich zespo\u0142\u00f3w artystycznych, znany z monumentalnych aran\u017cacji i wielog\u0142osowego \u015bpiewu. Za pulpitem dyrygenckim stan\u0105 wsp\u00f3lnie Pawe\u0142 Tomaszewski, autor wi\u0119kszo\u015bci aran\u017cacji na t\u0119 tras\u0119, oraz Zygmunt Magiera, sta\u0142y dyrygent \u201e\u015al\u0105ska&#8221;. Efekt to co\u015b pomi\u0119dzy koncertem rockowym a wielkim widowiskiem symfonicznym \u2013 najwi\u0119ksze przeboje Haliny Mlynkowej, takie jak \u201eCzerwone korale&#8221;, \u201eW kinie w Lublinie&#8221; czy \u201eGdzie ten, kt\u00f3ry powie mi&#8221;, us\u0142yszymy w zupe\u0142nie nowych, znacznie bardziej rozbudowanych wersjach.<\/p>\n  <p>Punktem wyj\u015bcia dla ca\u0142ego projektu jest wydana w marcu p\u0142yta \u201e25&#8243; \u2013 jubileuszowy album Haliny Mlynkowej, \u0142\u0105cz\u0105cy najwi\u0119ksze hity z premierowymi nagraniami i kt\u00f3ry od tygodni utrzymuje si\u0119 na szczycie zestawie\u0144 najch\u0119tniej kupowanych p\u0142yt fizycznych w Polsce. To w\u0142a\u015bnie na tym kr\u0105\u017cku znalaz\u0142y si\u0119 utwory nagrane wsp\u00f3lnie z ZPiT \u201e\u015al\u0105sk&#8221; \u2013 \u201eHej g\u00f3ry&#8221; oraz \u201eZa wielkim morzem ty&#8221; \u2013 kt\u00f3re podczas koncertu w \u017bywcu us\u0142yszymy na \u017cywo, prawdopodobnie w towarzystwie tych samych go\u015bci, kt\u00f3rzy pojawili si\u0119 na p\u0142ycie.<\/p>\n\n  <h3><span class=\"ez-toc-section\" id=\"Duet_z_Maciejem_Zakoscielnym\"><\/span>Duet z Maciejem Zako\u015bcielnym<span class=\"ez-toc-section-end\"><\/span><\/h3>\n  <p>Jednym z najbardziej wyczekiwanych moment\u00f3w wieczoru ma by\u0107 wsp\u00f3lny wyst\u0119p Haliny Mlynkowej z aktorem i wokalist\u0105 Maciejem Zako\u015bcielnym w utworze \u201eSiebie dam po \u015blubie&#8221;. To jeden z tych duet\u00f3w, kt\u00f3re na koncertach w innych miastach wywo\u0142ywa\u0142y najd\u0142u\u017csze owacje \u2013 warto wi\u0119c zjawi\u0107 si\u0119 na widowni odpowiednio wcze\u015bniej, \u017ceby nie przegapi\u0107 \u017cadnego z go\u015bci specjalnych.<\/p>\n\n  <h3><span class=\"ez-toc-section\" id=\"Jacek_Krolik_%E2%80%93_gitara_ktora_pamieta_poczatki_Brathanek\"><\/span>Jacek Kr\u00f3lik \u2013 gitara, kt\u00f3ra pami\u0119ta pocz\u0105tki Brathanek<span class=\"ez-toc-section-end\"><\/span><\/h3>\n  <p>Na scenie zobaczymy te\u017c Jacka Kr\u00f3lika, wirtuoza gitary, kt\u00f3ry u boku Haliny Mlynkowej koncertowa\u0142 jeszcze w czasach, gdy wsp\u00f3\u0142tworzy\u0142a Brathanki. Jego udzia\u0142 w koncercie to nie tylko techniczny popis, ale te\u017c sentymentalny powr\u00f3t do korzeni \u2013 i dodatkowy argument dla fan\u00f3w, kt\u00f3rzy pami\u0119taj\u0105 artystk\u0119 sprzed lat.<\/p>\n\n  <p style=\"margin:32px 0;\">\n    <a href=\"https:\/\/www.kupbilecik.pl\/imprezy\/211193\/%C5%BBywiec\/Halina+Mlynkowa+%26+ZPiT+%22%C5%9Al%C4%85sk%22\/?utm_source=pp&amp;utm_medium=346\" target=\"_blank\" rel=\"noopener\" style=\"background:#c0392b; color:#fff; padding:14px 32px; border-radius:4px; text-decoration:none; font-weight:bold; font-family:sans-serif; font-size:1rem;\">\n      \ud83c\udf9f Kup bilety \u2192 kupbilecik.pl\n    <\/a>\n  <\/p>\n\n  <h2><span class=\"ez-toc-section\" id=\"Gdzie_sie_zatrzymac_Noclegi_blisko_Zywca\"><\/span>Gdzie si\u0119 zatrzyma\u0107? Noclegi blisko \u017bywca<span class=\"ez-toc-section-end\"><\/span><\/h2>\n  <p>\u017bywiec le\u017cy w samym sercu Kotliny \u017bywieckiej, otoczony Jeziorem \u017bywieckim i pasmami Beskidu \u017bywieckiego i Ma\u0142ego, wi\u0119c nawet je\u015bli zostaniecie na koncert tylko na jeden wiecz\u00f3r, warto zarezerwowa\u0107 sobie chwil\u0119 na spacer nad wod\u0105 albo poranny widok na g\u00f3ry przed powrotem. Poni\u017cej pi\u0119\u0107 sprawdzonych obiekt\u00f3w z serwisu noclegowo.pl, najbli\u017cej centrum wydarzenia.<\/p>\n\n  <table style=\"width:100%; border-collapse:collapse; margin-top:24px; font-family:sans-serif; font-size:0.92rem;\">\n    <thead>\n      <tr style=\"background:#1a1a2e; color:#fff;\">\n        <th style=\"padding:10px 14px; text-align:left;\">Obiekt<\/th>\n        <th style=\"padding:10px 14px; text-align:left;\">Typ<\/th>\n        <th style=\"padding:10px 14px; text-align:center;\">Ocena<\/th>\n        <th style=\"padding:10px 14px; text-align:left;\">Cena od<\/th>\n        <th style=\"padding:10px 14px; text-align:left;\">Odleg\u0142o\u015b\u0107<\/th>\n      <\/tr>\n    <\/thead>\n    <tbody>\n      <tr style=\"background:#f9f9fb;\">\n        <td style=\"padding:10px 14px;\"><a href=\"https:\/\/www.noclegowo.pl\/zywiec\/66606\" target=\"_blank\" rel=\"noopener\">Dom pod Grojcem<\/a><\/td>\n        <td style=\"padding:10px 14px;\">kwatera \/ pok\u00f3j<\/td>\n        <td style=\"padding:10px 14px; text-align:center;\">5,0 (1 opinia)<\/td>\n        <td style=\"padding:10px 14px;\">35 z\u0142<\/td>\n        <td style=\"padding:10px 14px;\">3,3 km<\/td>\n      <\/tr>\n      <tr style=\"background:#fff;\">\n        <td style=\"padding:10px 14px;\"><a href=\"https:\/\/www.noclegowo.pl\/zywiec\/65906\" target=\"_blank\" rel=\"noopener\">O\u015brodek Wypoczynkowy Nad Jeziorem<\/a><\/td>\n        <td style=\"padding:10px 14px;\">o\u015brodek wypoczynkowy<\/td>\n        <td style=\"padding:10px 14px; text-align:center;\">5,0 (48 opinii)<\/td>\n        <td style=\"padding:10px 14px;\">45 z\u0142<\/td>\n        <td style=\"padding:10px 14px;\">4,6 km<\/td>\n      <\/tr>\n      <tr style=\"background:#f9f9fb;\">\n        <td style=\"padding:10px 14px;\"><a href=\"https:\/\/www.noclegowo.pl\/zywiec\/14649\" target=\"_blank\" rel=\"noopener\">Chatka Zagro\u0144<\/a><\/td>\n        <td style=\"padding:10px 14px;\">domek letniskowy<\/td>\n        <td style=\"padding:10px 14px; text-align:center;\">5,0 (22 opinie)<\/td>\n        <td style=\"padding:10px 14px;\">45 z\u0142<\/td>\n        <td style=\"padding:10px 14px;\">8,1 km<\/td>\n      <\/tr>\n      <tr style=\"background:#fff;\">\n        <td style=\"padding:10px 14px;\"><a href=\"https:\/\/www.noclegowo.pl\/brenna\/59523\" target=\"_blank\" rel=\"noopener\">U Misia (Brenna)<\/a><\/td>\n        <td style=\"padding:10px 14px;\">kwatera \/ pok\u00f3j<\/td>\n        <td style=\"padding:10px 14px; text-align:center;\">5,0 (1 opinia)<\/td>\n        <td style=\"padding:10px 14px;\">30 z\u0142<\/td>\n        <td style=\"padding:10px 14px;\">19,2 km<\/td>\n      <\/tr>\n      <tr style=\"background:#f9f9fb;\">\n        <td style=\"padding:10px 14px;\"><a href=\"https:\/\/www.noclegowo.pl\/brenna\/29331\" target=\"_blank\" rel=\"noopener\">Jaworowa Osada (Brenna)<\/a><\/td>\n        <td style=\"padding:10px 14px;\">domek letniskowy<\/td>\n        <td style=\"padding:10px 14px; text-align:center;\">4,95 (4 opinie)<\/td>\n        <td style=\"padding:10px 14px;\">cena na zapytanie<\/td>\n        <td style=\"padding:10px 14px;\">19,5 km<\/td>\n      <\/tr>\n    <\/tbody>\n  <\/table>\n\n  <p style=\"margin-top:12px; font-size:0.85rem; color:#888; font-family:sans-serif;\">\n    Wi\u0119cej nocleg\u00f3w: <a href=\"https:\/\/www.noclegowo.pl\/noclegi\/zywiec\" target=\"_blank\" rel=\"noopener\">noclegowo.pl\/noclegi\/zywiec<\/a>\n  <\/p>\n\n  <h2><span class=\"ez-toc-section\" id=\"Jak_dojechac\"><\/span>Jak dojecha\u0107?<span class=\"ez-toc-section-end\"><\/span><\/h2>\n  <p>\u017bywiec le\u017cy przy trasie ekspresowej S1, oko\u0142o godziny drogi od Bielska-Bia\u0142ej i Katowic oraz nieca\u0142e p\u00f3\u0142torej godziny od Krakowa, wi\u0119c dojazd samochodem z wi\u0119kszo\u015bci miast po\u0142udniowej Polski nie powinien by\u0107 problemem \u2013 warto tylko zaplanowa\u0107 powr\u00f3t z my\u015bl\u0105 o niedzielnym ruchu. Miasto ma te\u017c w\u0142asny dworzec kolejowy z bezpo\u015brednimi po\u0142\u0105czeniami z Katowic, Bielska-Bia\u0142ej i Krakowa, co dla mieszka\u0144c\u00f3w \u015al\u0105ska i Ma\u0142opolski mo\u017ce by\u0107 wygodniejsz\u0105 opcj\u0105 ni\u017c szukanie miejsca parkingowego w centrum w dniu koncertu. Je\u015bli zostajecie na noc w okolicach Jeziora \u017bywieckiego lub w Brennej, liczcie si\u0119 z dodatkowymi kilkunastoma minutami jazdy g\u00f3rskimi drogami \u2013 ale w zamian dostajecie nocleg z widokiem na Beskidy zamiast miejskiego zgie\u0142ku.<\/p>\n\n  <hr style=\"margin:48px 0; border:none; border-top:1px solid #e0e0e0;\" \/>\n  <p style=\"font-size:0.85rem; color:#999; font-family:sans-serif; line-height:1.6;\">\n    \ud83d\udcc5 Halina Mlynkowa i ZPiT \u201e\u015al\u0105sk&#8221; \u2013 Najpi\u0119kniejszy koncert roku \u00b7 13 wrze\u015bnia 2026 \u00b7 \u017bywiec<br>\n    \ud83c\udf9f Bilety: <a href=\"https:\/\/www.kupbilecik.pl\/imprezy\/211193\/%C5%BBywiec\/Halina+Mlynkowa+%26+ZPiT+%22%C5%9Al%C4%85sk%22\/?utm_source=pp&amp;utm_medium=346\" target=\"_blank\" rel=\"noopener\">kupbilecik.pl<\/a> &nbsp;\u00b7&nbsp;\n    \ud83c\udfe0 Noclegi: <a href=\"https:\/\/www.noclegowo.pl\/noclegi\/zywiec\" target=\"_blank\" rel=\"noopener\">noclegowo.pl<\/a>\n  <\/p>\n\n<\/article>\n\n","protected":false},"excerpt":{"rendered":"<p>13 wrze\u015bnia 2026 w \u017bywcu: Halina Mlynkowa i 100-osobowa orkiestra ZPiT \u015al\u0105sk zagraj\u0105 najwi\u0119ksze hity. Sprawd\u017a bilety i noclegi w Beskidzie \u017bywieckim.<\/p>\n","protected":false},"author":35,"featured_media":0,"comment_status":"open","ping_status":"","sticky":false,"template":"","format":"standard","meta":[],"categories":[8],"tags":[],"yoast_head":"<!-- This site is optimized with the Yoast SEO plugin v17.8 - https:\/\/yoast.com\/wordpress\/plugins\/seo\/ -->\n<title>Halina Mlynkowa i ZPiT \u015al\u0105sk w \u017bywcu 2026 \u2013 koncert i noclegi - Blog Noclegowo\u00ae<\/title>\n<meta name=\"robots\" content=\"index, follow, max-snippet:-1, max-image-preview:large, max-video-preview:-1\" \/>\n<link rel=\"canonical\" href=\"https:\/\/www.noclegowo.pl\/przewodnik\/halina-mlynkowa-zpit-slask-zywiec-2026-koncert-noclegi\/\" \/>\n<meta property=\"og:locale\" content=\"pl_PL\" \/>\n<meta property=\"og:type\" content=\"article\" \/>\n<meta property=\"og:title\" content=\"Halina Mlynkowa i ZPiT \u015al\u0105sk w \u017bywcu 2026 \u2013 koncert i noclegi - Blog Noclegowo\u00ae\" \/>\n<meta property=\"og:description\" content=\"13 wrze\u015bnia 2026 w \u017bywcu: Halina Mlynkowa i 100-osobowa orkiestra ZPiT \u015al\u0105sk zagraj\u0105 najwi\u0119ksze hity. Sprawd\u017a bilety i noclegi w Beskidzie \u017bywieckim.\" \/>\n<meta property=\"og:url\" content=\"https:\/\/www.noclegowo.pl\/przewodnik\/halina-mlynkowa-zpit-slask-zywiec-2026-koncert-noclegi\/\" \/>\n<meta property=\"og:site_name\" content=\"Blog Noclegowo\u00ae\" \/>\n<meta property=\"article:publisher\" content=\"https:\/\/www.facebook.com\/Noclegowo\/\" \/>\n<meta property=\"article:published_time\" content=\"2026-08-18T07:00:00+00:00\" \/>\n<meta property=\"og:image\" content=\"https:\/\/www.kupbilecik.pl\/img\/gal_plakaty\/05qt10xlw4h1r3xl.webp?t=1783417077\" \/>\n<meta name=\"twitter:card\" content=\"summary_large_image\" \/>\n<meta name=\"twitter:label1\" content=\"Napisane przez\" \/>\n\t<meta name=\"twitter:data1\" content=\"Noclegowo\" \/>\n\t<meta name=\"twitter:label2\" content=\"Szacowany czas czytania\" \/>\n\t<meta name=\"twitter:data2\" content=\"4 minuty\" \/>\n<script type=\"application\/ld+json\" class=\"yoast-schema-graph\">{\"@context\":\"https:\/\/schema.org\",\"@graph\":[{\"@type\":\"Organization\",\"@id\":\"https:\/\/www.noclegowo.pl\/przewodnik\/#organization\",\"name\":\"Noclegowo\",\"url\":\"https:\/\/www.noclegowo.pl\/przewodnik\/\",\"sameAs\":[\"https:\/\/www.facebook.com\/Noclegowo\/\"],\"logo\":{\"@type\":\"ImageObject\",\"@id\":\"https:\/\/www.noclegowo.pl\/przewodnik\/#logo\",\"inLanguage\":\"pl-PL\",\"url\":\"https:\/\/www.noclegowo.pl\/przewodnik\/wp-content\/uploads\/2018\/05\/LOGO-GREEN.jpg\",\"contentUrl\":\"https:\/\/www.noclegowo.pl\/przewodnik\/wp-content\/uploads\/2018\/05\/LOGO-GREEN.jpg\",\"width\":1028,\"height\":320,\"caption\":\"Noclegowo\"},\"image\":{\"@id\":\"https:\/\/www.noclegowo.pl\/przewodnik\/#logo\"}},{\"@type\":\"WebSite\",\"@id\":\"https:\/\/www.noclegowo.pl\/przewodnik\/#website\",\"url\":\"https:\/\/www.noclegowo.pl\/przewodnik\/\",\"name\":\"Blog Noclegowo\\u00ae\",\"description\":\"Przewodniki turystyczne, porady dla wynajmuj\\u0105cych\",\"publisher\":{\"@id\":\"https:\/\/www.noclegowo.pl\/przewodnik\/#organization\"},\"potentialAction\":[{\"@type\":\"SearchAction\",\"target\":{\"@type\":\"EntryPoint\",\"urlTemplate\":\"https:\/\/www.noclegowo.pl\/przewodnik\/?s={search_term_string}\"},\"query-input\":\"required name=search_term_string\"}],\"inLanguage\":\"pl-PL\"},{\"@type\":\"ImageObject\",\"@id\":\"https:\/\/www.noclegowo.pl\/przewodnik\/halina-mlynkowa-zpit-slask-zywiec-2026-koncert-noclegi\/#primaryimage\",\"inLanguage\":\"pl-PL\",\"url\":\"https:\/\/www.kupbilecik.pl\/img\/gal_plakaty\/05qt10xlw4h1r3xl.webp?t=1783417077\",\"contentUrl\":\"https:\/\/www.kupbilecik.pl\/img\/gal_plakaty\/05qt10xlw4h1r3xl.webp?t=1783417077\"},{\"@type\":\"WebPage\",\"@id\":\"https:\/\/www.noclegowo.pl\/przewodnik\/halina-mlynkowa-zpit-slask-zywiec-2026-koncert-noclegi\/#webpage\",\"url\":\"https:\/\/www.noclegowo.pl\/przewodnik\/halina-mlynkowa-zpit-slask-zywiec-2026-koncert-noclegi\/\",\"name\":\"Halina Mlynkowa i ZPiT \\u015al\\u0105sk w \\u017bywcu 2026 \\u2013 koncert i noclegi - Blog Noclegowo\\u00ae\",\"isPartOf\":{\"@id\":\"https:\/\/www.noclegowo.pl\/przewodnik\/#website\"},\"primaryImageOfPage\":{\"@id\":\"https:\/\/www.noclegowo.pl\/przewodnik\/halina-mlynkowa-zpit-slask-zywiec-2026-koncert-noclegi\/#primaryimage\"},\"datePublished\":\"2026-08-18T07:00:00+00:00\",\"dateModified\":\"2026-08-18T07:00:00+00:00\",\"breadcrumb\":{\"@id\":\"https:\/\/www.noclegowo.pl\/przewodnik\/halina-mlynkowa-zpit-slask-zywiec-2026-koncert-noclegi\/#breadcrumb\"},\"inLanguage\":\"pl-PL\",\"potentialAction\":[{\"@type\":\"ReadAction\",\"target\":[\"https:\/\/www.noclegowo.pl\/przewodnik\/halina-mlynkowa-zpit-slask-zywiec-2026-koncert-noclegi\/\"]}]},{\"@type\":\"BreadcrumbList\",\"@id\":\"https:\/\/www.noclegowo.pl\/przewodnik\/halina-mlynkowa-zpit-slask-zywiec-2026-koncert-noclegi\/#breadcrumb\",\"itemListElement\":[{\"@type\":\"ListItem\",\"position\":1,\"name\":\"Home\",\"item\":\"https:\/\/www.noclegowo.pl\/przewodnik\/\"},{\"@type\":\"ListItem\",\"position\":2,\"name\":\"Halina Mlynkowa i ZPiT \\u015al\\u0105sk w \\u017bywcu 2026 \\u2013 koncert i noclegi\"}]},{\"@type\":\"Article\",\"@id\":\"https:\/\/www.noclegowo.pl\/przewodnik\/halina-mlynkowa-zpit-slask-zywiec-2026-koncert-noclegi\/#article\",\"isPartOf\":{\"@id\":\"https:\/\/www.noclegowo.pl\/przewodnik\/halina-mlynkowa-zpit-slask-zywiec-2026-koncert-noclegi\/#webpage\"},\"author\":{\"@id\":\"https:\/\/www.noclegowo.pl\/przewodnik\/#\/schema\/person\/5a6210af7bea70a33b925e3bd1ce4286\"},\"headline\":\"Halina Mlynkowa i ZPiT \\u015al\\u0105sk w \\u017bywcu 2026 \\u2013 koncert i noclegi\",\"datePublished\":\"2026-08-18T07:00:00+00:00\",\"dateModified\":\"2026-08-18T07:00:00+00:00\",\"mainEntityOfPage\":{\"@id\":\"https:\/\/www.noclegowo.pl\/przewodnik\/halina-mlynkowa-zpit-slask-zywiec-2026-koncert-noclegi\/#webpage\"},\"wordCount\":841,\"commentCount\":0,\"publisher\":{\"@id\":\"https:\/\/www.noclegowo.pl\/przewodnik\/#organization\"},\"image\":{\"@id\":\"https:\/\/www.noclegowo.pl\/przewodnik\/halina-mlynkowa-zpit-slask-zywiec-2026-koncert-noclegi\/#primaryimage\"},\"thumbnailUrl\":\"https:\/\/www.kupbilecik.pl\/img\/gal_plakaty\/05qt10xlw4h1r3xl.webp?t=1783417077\",\"articleSection\":[\"Wydarzenia\"],\"inLanguage\":\"pl-PL\",\"potentialAction\":[{\"@type\":\"CommentAction\",\"name\":\"Comment\",\"target\":[\"https:\/\/www.noclegowo.pl\/przewodnik\/halina-mlynkowa-zpit-slask-zywiec-2026-koncert-noclegi\/#respond\"]}]},{\"@type\":\"Person\",\"@id\":\"https:\/\/www.noclegowo.pl\/przewodnik\/#\/schema\/person\/5a6210af7bea70a33b925e3bd1ce4286\",\"name\":\"Noclegowo\",\"url\":\"https:\/\/www.noclegowo.pl\/przewodnik\/author\/noclegowo\/\"}]}<\/script>\n<!-- \/ Yoast SEO plugin. -->","yoast_head_json":{"title":"Halina Mlynkowa i ZPiT \u015al\u0105sk w \u017bywcu 2026 \u2013 koncert i noclegi - Blog Noclegowo\u00ae","robots":{"index":"index","follow":"follow","max-snippet":"max-snippet:-1","max-image-preview":"max-image-preview:large","max-video-preview":"max-video-preview:-1"},"canonical":"https:\/\/www.noclegowo.pl\/przewodnik\/halina-mlynkowa-zpit-slask-zywiec-2026-koncert-noclegi\/","og_locale":"pl_PL","og_type":"article","og_title":"Halina Mlynkowa i ZPiT \u015al\u0105sk w \u017bywcu 2026 \u2013 koncert i noclegi - Blog Noclegowo\u00ae","og_description":"13 wrze\u015bnia 2026 w \u017bywcu: Halina Mlynkowa i 100-osobowa orkiestra ZPiT \u015al\u0105sk zagraj\u0105 najwi\u0119ksze hity. Sprawd\u017a bilety i noclegi w Beskidzie \u017bywieckim.","og_url":"https:\/\/www.noclegowo.pl\/przewodnik\/halina-mlynkowa-zpit-slask-zywiec-2026-koncert-noclegi\/","og_site_name":"Blog Noclegowo\u00ae","article_publisher":"https:\/\/www.facebook.com\/Noclegowo\/","article_published_time":"2026-08-18T07:00:00+00:00","og_image":[{"url":"https:\/\/www.kupbilecik.pl\/img\/gal_plakaty\/05qt10xlw4h1r3xl.webp?t=1783417077"}],"twitter_card":"summary_large_image","twitter_misc":{"Napisane przez":"Noclegowo","Szacowany czas czytania":"4 minuty"},"schema":{"@context":"https:\/\/schema.org","@graph":[{"@type":"Organization","@id":"https:\/\/www.noclegowo.pl\/przewodnik\/#organization","name":"Noclegowo","url":"https:\/\/www.noclegowo.pl\/przewodnik\/","sameAs":["https:\/\/www.facebook.com\/Noclegowo\/"],"logo":{"@type":"ImageObject","@id":"https:\/\/www.noclegowo.pl\/przewodnik\/#logo","inLanguage":"pl-PL","url":"https:\/\/www.noclegowo.pl\/przewodnik\/wp-content\/uploads\/2018\/05\/LOGO-GREEN.jpg","contentUrl":"https:\/\/www.noclegowo.pl\/przewodnik\/wp-content\/uploads\/2018\/05\/LOGO-GREEN.jpg","width":1028,"height":320,"caption":"Noclegowo"},"image":{"@id":"https:\/\/www.noclegowo.pl\/przewodnik\/#logo"}},{"@type":"WebSite","@id":"https:\/\/www.noclegowo.pl\/przewodnik\/#website","url":"https:\/\/www.noclegowo.pl\/przewodnik\/","name":"Blog Noclegowo\u00ae","description":"Przewodniki turystyczne, porady dla wynajmuj\u0105cych","publisher":{"@id":"https:\/\/www.noclegowo.pl\/przewodnik\/#organization"},"potentialAction":[{"@type":"SearchAction","target":{"@type":"EntryPoint","urlTemplate":"https:\/\/www.noclegowo.pl\/przewodnik\/?s={search_term_string}"},"query-input":"required name=search_term_string"}],"inLanguage":"pl-PL"},{"@type":"ImageObject","@id":"https:\/\/www.noclegowo.pl\/przewodnik\/halina-mlynkowa-zpit-slask-zywiec-2026-koncert-noclegi\/#primaryimage","inLanguage":"pl-PL","url":"https:\/\/www.kupbilecik.pl\/img\/gal_plakaty\/05qt10xlw4h1r3xl.webp?t=1783417077","contentUrl":"https:\/\/www.kupbilecik.pl\/img\/gal_plakaty\/05qt10xlw4h1r3xl.webp?t=1783417077"},{"@type":"WebPage","@id":"https:\/\/www.noclegowo.pl\/przewodnik\/halina-mlynkowa-zpit-slask-zywiec-2026-koncert-noclegi\/#webpage","url":"https:\/\/www.noclegowo.pl\/przewodnik\/halina-mlynkowa-zpit-slask-zywiec-2026-koncert-noclegi\/","name":"Halina Mlynkowa i ZPiT \u015al\u0105sk w \u017bywcu 2026 \u2013 koncert i noclegi - Blog Noclegowo\u00ae","isPartOf":{"@id":"https:\/\/www.noclegowo.pl\/przewodnik\/#website"},"primaryImageOfPage":{"@id":"https:\/\/www.noclegowo.pl\/przewodnik\/halina-mlynkowa-zpit-slask-zywiec-2026-koncert-noclegi\/#primaryimage"},"datePublished":"2026-08-18T07:00:00+00:00","dateModified":"2026-08-18T07:00:00+00:00","breadcrumb":{"@id":"https:\/\/www.noclegowo.pl\/przewodnik\/halina-mlynkowa-zpit-slask-zywiec-2026-koncert-noclegi\/#breadcrumb"},"inLanguage":"pl-PL","potentialAction":[{"@type":"ReadAction","target":["https:\/\/www.noclegowo.pl\/przewodnik\/halina-mlynkowa-zpit-slask-zywiec-2026-koncert-noclegi\/"]}]},{"@type":"BreadcrumbList","@id":"https:\/\/www.noclegowo.pl\/przewodnik\/halina-mlynkowa-zpit-slask-zywiec-2026-koncert-noclegi\/#breadcrumb","itemListElement":[{"@type":"ListItem","position":1,"name":"Home","item":"https:\/\/www.noclegowo.pl\/przewodnik\/"},{"@type":"ListItem","position":2,"name":"Halina Mlynkowa i ZPiT \u015al\u0105sk w \u017bywcu 2026 \u2013 koncert i noclegi"}]},{"@type":"Article","@id":"https:\/\/www.noclegowo.pl\/przewodnik\/halina-mlynkowa-zpit-slask-zywiec-2026-koncert-noclegi\/#article","isPartOf":{"@id":"https:\/\/www.noclegowo.pl\/przewodnik\/halina-mlynkowa-zpit-slask-zywiec-2026-koncert-noclegi\/#webpage"},"author":{"@id":"https:\/\/www.noclegowo.pl\/przewodnik\/#\/schema\/person\/5a6210af7bea70a33b925e3bd1ce4286"},"headline":"Halina Mlynkowa i ZPiT \u015al\u0105sk w \u017bywcu 2026 \u2013 koncert i noclegi","datePublished":"2026-08-18T07:00:00+00:00","dateModified":"2026-08-18T07:00:00+00:00","mainEntityOfPage":{"@id":"https:\/\/www.noclegowo.pl\/przewodnik\/halina-mlynkowa-zpit-slask-zywiec-2026-koncert-noclegi\/#webpage"},"wordCount":841,"commentCount":0,"publisher":{"@id":"https:\/\/www.noclegowo.pl\/przewodnik\/#organization"},"image":{"@id":"https:\/\/www.noclegowo.pl\/przewodnik\/halina-mlynkowa-zpit-slask-zywiec-2026-koncert-noclegi\/#primaryimage"},"thumbnailUrl":"https:\/\/www.kupbilecik.pl\/img\/gal_plakaty\/05qt10xlw4h1r3xl.webp?t=1783417077","articleSection":["Wydarzenia"],"inLanguage":"pl-PL","potentialAction":[{"@type":"CommentAction","name":"Comment","target":["https:\/\/www.noclegowo.pl\/przewodnik\/halina-mlynkowa-zpit-slask-zywiec-2026-koncert-noclegi\/#respond"]}]},{"@type":"Person","@id":"https:\/\/www.noclegowo.pl\/przewodnik\/#\/schema\/person\/5a6210af7bea70a33b925e3bd1ce4286","name":"Noclegowo","url":"https:\/\/www.noclegowo.pl\/przewodnik\/author\/noclegowo\/"}]}},"_links":{"self":[{"href":"https:\/\/www.noclegowo.pl\/przewodnik\/wp-json\/wp\/v2\/posts\/20261"}],"collection":[{"href":"https:\/\/www.noclegowo.pl\/przewodnik\/wp-json\/wp\/v2\/posts"}],"about":[{"href":"https:\/\/www.noclegowo.pl\/przewodnik\/wp-json\/wp\/v2\/types\/post"}],"author":[{"embeddable":true,"href":"https:\/\/www.noclegowo.pl\/przewodnik\/wp-json\/wp\/v2\/users\/35"}],"replies":[{"embeddable":true,"href":"https:\/\/www.noclegowo.pl\/przewodnik\/wp-json\/wp\/v2\/comments?post=20261"}],"version-history":[{"count":0,"href":"https:\/\/www.noclegowo.pl\/przewodnik\/wp-json\/wp\/v2\/posts\/20261\/revisions"}],"wp:attachment":[{"href":"https:\/\/www.noclegowo.pl\/przewodnik\/wp-json\/wp\/v2\/media?parent=20261"}],"wp:term":[{"taxonomy":"category","embeddable":true,"href":"https:\/\/www.noclegowo.pl\/przewodnik\/wp-json\/wp\/v2\/categories?post=20261"},{"taxonomy":"post_tag","embeddable":true,"href":"https:\/\/www.noclegowo.pl\/przewodnik\/wp-json\/wp\/v2\/tags?post=20261"}],"curies":[{"name":"wp","href":"https:\/\/api.w.org\/{rel}","templated":true}]}}